{"id":34866,"date":"2024-08-06T02:41:50","date_gmt":"2024-08-06T00:41:50","guid":{"rendered":"https:\/\/www.lintelligentdabidjan.info\/news\/?p=34866"},"modified":"2024-08-06T02:41:57","modified_gmt":"2024-08-06T00:41:57","slug":"fete-de-lindependance-de-la-cote-divoire-mamadou-toure-appelle-a-lunion","status":"publish","type":"post","link":"https:\/\/www.lintelligentdabidjan.info\/news\/fete-de-lindependance-de-la-cote-divoire-mamadou-toure-appelle-a-lunion\/","title":{"rendered":"F\u00eate de l\u2019ind\u00e9pendance de la C\u00f4te d&#8217;Ivoire- Mamadou Tour\u00e9 appelle \u00e0 l&#8217;Union"},"content":{"rendered":"<p><em><strong>Dans le cadre des festivit\u00e9s marquant la c\u00e9l\u00e9bration du 64e anniversaire de l&#8217;ind\u00e9pendance de la C\u00f4te d&#8217;Ivoire, le ministre Mamadou Tour\u00e9, a \u00e9chang\u00e9, le lundi 05 ao\u00fbt 2024, avec les artistes, anciens footballeurs et jeunes de C\u00f4te d&#8217;Ivoire, \u00e0 son cabinet situ\u00e9 \u00e0 Abidjan-Plateau au premier \u00e9tage de la Tour B.<\/strong><\/em><\/p>\n<p>Lors de cette rencontre le ministre a d\u00e9clin\u00e9 une s\u00e9rie d&#8217;activit\u00e9s pr\u00e9vues le 06 ao\u00fbt avant d&#8217;inviter \u00e0 l&#8217;union autour de cette c\u00e9l\u00e9bration. Cette ann\u00e9e, la ville de Grand-Bassam a \u00e9t\u00e9 d\u00e9sign\u00e9e ville h\u00f4te des festivit\u00e9s du 64e anniversaire de l\u2019Ind\u00e9pendance de la C\u00f4te d\u2019Ivoire autour du th\u00e8me : \u00ab Jeunesse ivoirienne et Forces de d\u00e9fense et de s\u00e9curit\u00e9 pour l\u2019engagement civique et la responsabilit\u00e9 citoyenne \u00bb. \u00c0 cette occasion, le minist\u00e8re de la Promotion de la jeunesse, de l&#8217;Insertion professionnelle et du Service civique organisera , le 06 ao\u00fbt 2024, une s\u00e9rie d&#8217;activit\u00e9s \u00e0 Grand-Bassam et dans plusieurs villes de la C\u00f4te d&#8217;Ivoire. Au cours des \u00e9changes, le ministre Tour\u00e9 a donn\u00e9 la quintessence de ces s\u00e9ries d&#8217;activit\u00e9s pr\u00e9vues en pr\u00e9lude de la f\u00eate de l&#8217;ind\u00e9pendance. \u00ab L&#8217;ind\u00e9pendance, c&#8217;est une occasion pour c\u00e9l\u00e9brer notre union. Je souhaite que l&#8217;esprit li\u00e9 aux f\u00eates de l&#8217;ind\u00e9pendance soit au c\u0153ur de tout ce que nous allons faire. C&#8217;est la C\u00f4te d&#8217;Ivoire dans sa diversit\u00e9 qui se retrouve \u00e0 c\u00e9l\u00e9brer son ind\u00e9pendance&#8230; \u00bb, a-t-il dit.<br \/>\nSelon le ministre, en toile de fond, l&#8217;id\u00e9e, c&#8217;est de cr\u00e9er la symbiose entre les jeunes les forces de D\u00e9fense et de s\u00e9curit\u00e9. \u00ab Dans toutes les villes o\u00f9 vous avez les grands camps militaires, il y aura des activit\u00e9s qui seront organis\u00e9es entre les jeunes et les forces de s\u00e9curit\u00e9 et de D\u00e9fense \u00bb, a-t-il d\u00e9clar\u00e9. Il faut noter que les festivit\u00e9s seront marqu\u00e9es par un d\u00e9p\u00f4t de gerbe  de fleurs en m\u00e9moire des victimes de l\u2019attaque de Grand-Bassam, ainsi que par des activit\u00e9s communautaires (nettoyage de plage et d\u2019h\u00f4pital de ladite ville), des campagnes de sensibilisation contre les fl\u00e9aux sociaux et les comportements \u00e0 risque et les violences bas\u00e9es sur le genre (VBG). De plus, un panel sur le th\u00e8me : &#8220;Jeunesse ivoirienne et Forces de D\u00e9fense et de s\u00e9curit\u00e9 (FDS) : Pour l\u2019engagement civique et la responsabilit\u00e9 citoyenne aura lieu \u00e0 la salle de Culture Jean-Baptiste Mockey de la mairie de Grand-Bassam, un match de Gala Force arm\u00e9e et (Jeunesse et anciennes) gloires du football au lyc\u00e9e d\u2019excellence de Grand Bassam. Apr\u00e8s le match, il y aura la marche au flambeau qui sera cl\u00f4tur\u00e9e par le Concerto.<\/p>\n<p><strong>Mamadou Ouattara avec L.Abdul<\/strong><\/p>\n","protected":false},"excerpt":{"rendered":"<p>Dans le cadre des festivit\u00e9s marquant la c\u00e9l\u00e9bration du 64e anniversaire de l&#8217;ind\u00e9pendance de la C\u00f4te d&#8217;Ivoire, le ministre Mamadou Tour\u00e9, a \u00e9chang\u00e9, le lundi 05 ao\u00fbt 2024, avec les artistes, anciens footballeurs et jeunes de C\u00f4te d&#8217;Ivoire, \u00e0 son cabinet situ\u00e9 \u00e0 Abidjan-Plateau au premier \u00e9tage de la Tour B. Lors de cette rencontre [&hellip;]<\/p>\n","protected":false},"author":3,"featured_media":34867,"comment_status":"closed","ping_status":"closed","sticky":false,"template":"","format":"standard","meta":{"_monsterinsights_skip_tracking":false,"_monsterinsights_sitenote_active":false,"_monsterinsights_sitenote_note":"","_monsterinsights_sitenote_category":0,"footnotes":""},"categories":[2,3],"tags":[],"class_list":["post-34866","post","type-post","status-publish","format-standard","has-post-thumbnail","hentry","category-featured","category-societe"],"_links":{"self":[{"href":"https:\/\/www.lintelligentdabidjan.info\/news\/wp-json\/wp\/v2\/posts\/34866","targetHints":{"allow":["GET"]}}],"collection":[{"href":"https:\/\/www.lintelligentdabidjan.info\/news\/wp-json\/wp\/v2\/posts"}],"about":[{"href":"https:\/\/www.lintelligentdabidjan.info\/news\/wp-json\/wp\/v2\/types\/post"}],"author":[{"embeddable":true,"href":"https:\/\/www.lintelligentdabidjan.info\/news\/wp-json\/wp\/v2\/users\/3"}],"replies":[{"embeddable":true,"href":"https:\/\/www.lintelligentdabidjan.info\/news\/wp-json\/wp\/v2\/comments?post=34866"}],"version-history":[{"count":1,"href":"https:\/\/www.lintelligentdabidjan.info\/news\/wp-json\/wp\/v2\/posts\/34866\/revisions"}],"predecessor-version":[{"id":34868,"href":"https:\/\/www.lintelligentdabidjan.info\/news\/wp-json\/wp\/v2\/posts\/34866\/revisions\/34868"}],"wp:featuredmedia":[{"embeddable":true,"href":"https:\/\/www.lintelligentdabidjan.info\/news\/wp-json\/wp\/v2\/media\/34867"}],"wp:attachment":[{"href":"https:\/\/www.lintelligentdabidjan.info\/news\/wp-json\/wp\/v2\/media?parent=34866"}],"wp:term":[{"taxonomy":"category","embeddable":true,"href":"https:\/\/www.lintelligentdabidjan.info\/news\/wp-json\/wp\/v2\/categories?post=34866"},{"taxonomy":"post_tag","embeddable":true,"href":"https:\/\/www.lintelligentdabidjan.info\/news\/wp-json\/wp\/v2\/tags?post=34866"}],"curies":[{"name":"wp","href":"https:\/\/api.w.org\/{rel}","templated":true}]}}