{"id":34881,"date":"2024-08-08T02:54:51","date_gmt":"2024-08-08T00:54:51","guid":{"rendered":"https:\/\/www.lintelligentdabidjan.info\/news\/?p=34881"},"modified":"2024-08-08T02:55:05","modified_gmt":"2024-08-08T00:55:05","slug":"appel-a-la-cohesion-lors-du-64-eme-anniversaire-de-lindependance-de-la-cote-divoire-a-tai-le-prefet-mamadou-bakayoko-invite-les-cadres-a-prendre-lexemple-sur-anne-ouloto-et-gnonkont","status":"publish","type":"post","link":"https:\/\/www.lintelligentdabidjan.info\/news\/appel-a-la-cohesion-lors-du-64-eme-anniversaire-de-lindependance-de-la-cote-divoire-a-tai-le-prefet-mamadou-bakayoko-invite-les-cadres-a-prendre-lexemple-sur-anne-ouloto-et-gnonkont\/","title":{"rendered":"Appel \u00e0 la coh\u00e9sion lors du 64 \u00e8me  anniversaire de l&#8217;ind\u00e9pendance de la C\u00f4te d&#8217;Ivoire  \u00e0  Ta\u00ef  :     Le pr\u00e9fet Mamadou Bakayoko   invite  les cadres \u00e0 prendre l&#8217;exemple sur Anne Ouloto et Gnonkont\u00e9 D\u00e9sir\u00e9"},"content":{"rendered":"<p><em><strong>Toutes les r\u00e9gions et les d\u00e9partements de la C\u00f4te d&#8217;Ivoire ont c\u00e9l\u00e9br\u00e9 le 64e anniversaire de l&#8217;ind\u00e9pendance, comm\u00e9mor\u00e9 chaque ann\u00e9e le 7 ao\u00fbt. \u00c0 cet effet, le d\u00e9partement de Ta\u00ef  n&#8217;a pas voulu rester en marge de cet important \u00e9v\u00e9nement.<\/strong><\/em><\/p>\n<p>Dans son message adress\u00e9 \u00e0 la population de Ta\u00ef  , le pr\u00e9fet Mamadou Bakayoko a salu\u00e9 les actions men\u00e9es par le gouvernement dans le d\u00e9partement. Il a exprim\u00e9 sa grande satisfaction de voir la C\u00f4te d&#8217;Ivoire c\u00e9l\u00e9brer aujourd&#8217;hui ses 64 ans d&#8217;existence.<\/p>\n<p>\u00ab Je suis heureux pour notre beau pays qui f\u00eate ses 64 ann\u00e9es d&#8217;existence dans la paix, malgr\u00e9 les crises des ann\u00e9es pass\u00e9es. Aujourd&#8217;hui, nous devons nous r\u00e9jouir, tourner d\u00e9finitivement le dos \u00e0 la violence, et faire place au d\u00e9veloppement pour l&#8217;avenir de notre d\u00e9partement. C&#8217;est pourquoi je salue les efforts du gouvernement dans le d\u00e9partement de Tai pour la r\u00e9duction de la pauvret\u00e9 \u00e0 travers les filets sociaux, ainsi que pour la lutte contre le ch\u00f4mage gr\u00e2ce \u00e0 la cr\u00e9ation des projets jeunes (PJEDEC) et PAFAS pour les femmes  \u00bb, a dit le pr\u00e9fet du d\u00e9partement de Ta\u00ef <\/p>\n<p>Il a salu\u00e9 les forces de l&#8217;ordre et de s\u00e9curit\u00e9 dans toute leur diversit\u00e9 pour leur r\u00f4le dans la s\u00e9curisation des biens et des personnes et leur lutte contre le grand banditisme dans le d\u00e9partement. Saisissant la m\u00eame occasion, il a lanc\u00e9 un appel \u00e0 tous les cadres et politiciens de  Ta\u00ef  pour qu&#8217;ils prennent exemple sur les ministres Anne D\u00e9sir\u00e9e Ouloto et Gnonkont\u00e9 D\u00e9sir\u00e9 lors de leur rencontre \u00e0 Sakr\u00e9 en juillet dernier. Il a encourag\u00e9 \u00e0 montrer aux yeux de toute la r\u00e9gion et de la nation ivoirienne qu&#8217;au-del\u00e0 de la politique, il reste des fr\u00e8res et s\u0153urs unis pour le d\u00e9veloppement de Tai, malgr\u00e9 leurs appartenances politiques.<\/p>\n<p>&#8220;La paix doit demeurer dans le d\u00e9partement de Ta\u00ef  pour accueillir le d\u00e9veloppement qui s&#8217;annonce \u00e0 grands pas pour le bien-\u00eatre de la population,&#8221; a conclu le pr\u00e9fet.<\/p>\n<p><strong>Konhon Dominique <\/strong><\/p>\n","protected":false},"excerpt":{"rendered":"<p>Toutes les r\u00e9gions et les d\u00e9partements de la C\u00f4te d&#8217;Ivoire ont c\u00e9l\u00e9br\u00e9 le 64e anniversaire de l&#8217;ind\u00e9pendance, comm\u00e9mor\u00e9 chaque ann\u00e9e le 7 ao\u00fbt. \u00c0 cet effet, le d\u00e9partement de Ta\u00ef n&#8217;a pas voulu rester en marge de cet important \u00e9v\u00e9nement. Dans son message adress\u00e9 \u00e0 la population de Ta\u00ef , le pr\u00e9fet Mamadou Bakayoko a [&hellip;]<\/p>\n","protected":false},"author":3,"featured_media":34882,"comment_status":"closed","ping_status":"closed","sticky":false,"template":"","format":"standard","meta":{"_monsterinsights_skip_tracking":false,"_monsterinsights_sitenote_active":false,"_monsterinsights_sitenote_note":"","_monsterinsights_sitenote_category":0,"footnotes":""},"categories":[2,17,3],"tags":[3953,224,3952,1473,3955,3954,3892,3891],"class_list":["post-34881","post","type-post","status-publish","format-standard","has-post-thumbnail","hentry","category-featured","category-politique","category-societe","tag-64-eme-anniversaire","tag-anne-ouloto","tag-appel-a-la-cohesion","tag-cadres","tag-gnonkonte-desire","tag-independance-de-la-cote-divoire","tag-mamadou-bakayoko","tag-tai"],"_links":{"self":[{"href":"https:\/\/www.lintelligentdabidjan.info\/news\/wp-json\/wp\/v2\/posts\/34881","targetHints":{"allow":["GET"]}}],"collection":[{"href":"https:\/\/www.lintelligentdabidjan.info\/news\/wp-json\/wp\/v2\/posts"}],"about":[{"href":"https:\/\/www.lintelligentdabidjan.info\/news\/wp-json\/wp\/v2\/types\/post"}],"author":[{"embeddable":true,"href":"https:\/\/www.lintelligentdabidjan.info\/news\/wp-json\/wp\/v2\/users\/3"}],"replies":[{"embeddable":true,"href":"https:\/\/www.lintelligentdabidjan.info\/news\/wp-json\/wp\/v2\/comments?post=34881"}],"version-history":[{"count":1,"href":"https:\/\/www.lintelligentdabidjan.info\/news\/wp-json\/wp\/v2\/posts\/34881\/revisions"}],"predecessor-version":[{"id":34883,"href":"https:\/\/www.lintelligentdabidjan.info\/news\/wp-json\/wp\/v2\/posts\/34881\/revisions\/34883"}],"wp:featuredmedia":[{"embeddable":true,"href":"https:\/\/www.lintelligentdabidjan.info\/news\/wp-json\/wp\/v2\/media\/34882"}],"wp:attachment":[{"href":"https:\/\/www.lintelligentdabidjan.info\/news\/wp-json\/wp\/v2\/media?parent=34881"}],"wp:term":[{"taxonomy":"category","embeddable":true,"href":"https:\/\/www.lintelligentdabidjan.info\/news\/wp-json\/wp\/v2\/categories?post=34881"},{"taxonomy":"post_tag","embeddable":true,"href":"https:\/\/www.lintelligentdabidjan.info\/news\/wp-json\/wp\/v2\/tags?post=34881"}],"curies":[{"name":"wp","href":"https:\/\/api.w.org\/{rel}","templated":true}]}}