{"id":34891,"date":"2024-08-09T02:40:48","date_gmt":"2024-08-09T00:40:48","guid":{"rendered":"https:\/\/www.lintelligentdabidjan.info\/news\/?p=34891"},"modified":"2024-08-09T02:42:04","modified_gmt":"2024-08-09T00:42:04","slug":"celebration-du-64eme-anniversaire-de-lindependance-a-seitifla-le-sous-prefet-guy-manuela-dago-appelle-a-la-cohesion","status":"publish","type":"post","link":"https:\/\/www.lintelligentdabidjan.info\/news\/celebration-du-64eme-anniversaire-de-lindependance-a-seitifla-le-sous-prefet-guy-manuela-dago-appelle-a-la-cohesion\/","title":{"rendered":"C\u00e9l\u00e9bration du 64\u00e8me Anniversaire de l\u2019Ind\u00e9pendance \u00e0 S\u00e9itifla :   Le Sous-Pr\u00e9fet Guy Manuela  Dago appelle \u00e0 la coh\u00e9sion"},"content":{"rendered":"<p><em><strong>\u00c0 l&#8217;image des autres localit\u00e9s du pays, la Sous-Pr\u00e9fecture de S\u00e9itifla, dans le d\u00e9partement de Vavoua, a c\u00e9l\u00e9br\u00e9 le mercredi 07 ao\u00fbt 2024, le 64\u00e8me anniversaire de l\u2019ind\u00e9pendance de la C\u00f4te d\u2019Ivoire \u00e0 Yala, village  situ\u00e9  dans la dite  sous-pr\u00e9fecture en pr\u00e9sence des autorit\u00e9s politiques, administratives, militaires et de la chefferie.<\/strong><\/em><\/p>\n<p>Lors de cette occasion, le sous-pr\u00e9fet de S\u00e9itifla, Guy Manuela Epse Dago, a lanc\u00e9 un appel fort \u00e0 la coh\u00e9sion sociale, soulignant son importance pour le d\u00e9veloppement de la r\u00e9gion.<\/p>\n<p>Elle a exprim\u00e9 son r\u00eave de voir S\u00e9itifla devenir un v\u00e9ritable p\u00f4le de d\u00e9veloppement. Pour atteindre cet objectif, elle a mis l\u2019accent sur la n\u00e9cessit\u00e9 d\u2019une coh\u00e9sion sociale renforc\u00e9e.<\/p>\n<p>\u00ab Pour que notre vision de d\u00e9veloppement devienne r\u00e9alit\u00e9, il est imp\u00e9ratif que nous agissions ensemble, au-del\u00e0 de nos diff\u00e9rences \u00bb, a-t-elle affirm\u00e9.<\/p>\n<p>Elle a insist\u00e9 sur le fait que le d\u00e9veloppement de S\u00e9itifla d\u00e9pend de l\u2019unit\u00e9 et de la solidarit\u00e9 de ses habitants. Elle a appel\u00e9 \u00e0 d\u00e9passer les querelles et les divisions pour construire une communaut\u00e9 unie et r\u00e9siliente.<\/p>\n<p>\u00ab La coh\u00e9sion sociale est le fondement sur lequel reposent tous les projets de d\u00e9veloppement. Sans elle, nos efforts pour am\u00e9liorer les conditions de vie et favoriser la croissance \u00e9conomique seront vains \u00bb, a-t-elle soulign\u00e9.<\/p>\n<p>Elle a \u00e9galement rappel\u00e9 les diverses actions du Gouvernement visant \u00e0 soutenir le d\u00e9veloppement r\u00e9gional, telles que les projets d\u2019infrastructure, les initiatives en mati\u00e8re d\u2019\u00e9ducation et de sant\u00e9, ainsi que les programmes de lutte contre la pauvret\u00e9. Elle a encourag\u00e9 la population \u00e0 saisir ces opportunit\u00e9s en travaillant ensemble pour cr\u00e9er un environnement favorable aux investissements et \u00e0 la prosp\u00e9rit\u00e9.<\/p>\n<p><strong>Adresse aux cadres et \u00e0 la jeunesse <\/strong><\/p>\n<p>Elle a adress\u00e9 un message particulier aux cadres de sa circonscription, les invitant \u00e0 jouer un r\u00f4le actif dans la promotion de la coh\u00e9sion sociale.<\/p>\n<p>\u00ab Vous \u00eates les b\u00e2tisseurs de notre avenir. Engagez-vous \u00e0 maintenir la paix et l\u2019harmonie dans notre communaut\u00e9. Votre participation est cruciale pour r\u00e9aliser les ambitions de d\u00e9veloppement de S\u00e9itifla \u00bb, a-t-elle d\u00e9clar\u00e9.<\/p>\n<p>Le Sous-Pr\u00e9fet a encourag\u00e9 la jeunesse de S\u00e9itifla \u00e0 embrasser les valeurs d\u2019engagement civique et de responsabilit\u00e9 citoyenne, essentielles pour transformer la r\u00e9gion. Il a aussi mis en garde contre les dangers de la violence et de la d\u00e9linquance, appelant les jeunes \u00e0 se concentrer sur le travail et le d\u00e9veloppement personnel.<\/p>\n<p>\u00ab Vous \u00eates les acteurs majeurs du changement que nous souhaitons pour S\u00e9itifla. Tournez le dos \u00e0 la violence et aux comportements destructeurs, et engagez-vous pleinement dans la construction de notre avenir commun. Vous avez votre place dans le train du d\u00e9veloppement, et c\u2019est vous qui devez mener cette transformation \u00bb, a-t-elle  d\u00e9clar\u00e9.<\/p>\n<p>En soulignant les d\u00e9fis actuels, tels que les r\u00e9sultats scolaires inf\u00e9rieurs \u00e0 la moyenne nationale, elle a appel\u00e9 les jeunes \u00e0 se mobiliser pour renforcer l\u2019\u00e9ducation et soutenir les efforts de d\u00e9veloppement. \u00ab L\u2019\u00e9ducation est la cl\u00e9 de notre avenir. Impliquez-vous dans l\u2019encadrement de nos \u00e9l\u00e8ves et participez activement \u00e0 la construction d\u2019un syst\u00e8me \u00e9ducatif solide \u00bb, a-t-elle ajout\u00e9.<\/p>\n<p>Elle a annonc\u00e9 que la c\u00e9l\u00e9bration de l\u2019ind\u00e9pendance en 2025 se tiendra dans le village de Prozi 1.<\/p>\n<p>Un d\u00e9fil\u00e9 et des danses du terroir ont mis fin \u00e0 la c\u00e9r\u00e9monie.<\/p>\n<p><strong>Beker Yao <\/strong><\/p>\n","protected":false},"excerpt":{"rendered":"<p>\u00c0 l&#8217;image des autres localit\u00e9s du pays, la Sous-Pr\u00e9fecture de S\u00e9itifla, dans le d\u00e9partement de Vavoua, a c\u00e9l\u00e9br\u00e9 le mercredi 07 ao\u00fbt 2024, le 64\u00e8me anniversaire de l\u2019ind\u00e9pendance de la C\u00f4te d\u2019Ivoire \u00e0 Yala, village situ\u00e9 dans la dite sous-pr\u00e9fecture en pr\u00e9sence des autorit\u00e9s politiques, administratives, militaires et de la chefferie. Lors de cette occasion, [&hellip;]<\/p>\n","protected":false},"author":3,"featured_media":34892,"comment_status":"closed","ping_status":"closed","sticky":false,"template":"","format":"standard","meta":{"_monsterinsights_skip_tracking":false,"_monsterinsights_sitenote_active":false,"_monsterinsights_sitenote_note":"","_monsterinsights_sitenote_category":0,"footnotes":""},"categories":[2,17,3],"tags":[3959,3958,1516,3963,3960,3961,3962],"class_list":["post-34891","post","type-post","status-publish","format-standard","has-post-thumbnail","hentry","category-featured","category-politique","category-societe","tag-anniversaire","tag-celebration-du-64eme","tag-cohesion","tag-guy-manuela-dago","tag-independance","tag-seitifla","tag-sous-prefet"],"_links":{"self":[{"href":"https:\/\/www.lintelligentdabidjan.info\/news\/wp-json\/wp\/v2\/posts\/34891","targetHints":{"allow":["GET"]}}],"collection":[{"href":"https:\/\/www.lintelligentdabidjan.info\/news\/wp-json\/wp\/v2\/posts"}],"about":[{"href":"https:\/\/www.lintelligentdabidjan.info\/news\/wp-json\/wp\/v2\/types\/post"}],"author":[{"embeddable":true,"href":"https:\/\/www.lintelligentdabidjan.info\/news\/wp-json\/wp\/v2\/users\/3"}],"replies":[{"embeddable":true,"href":"https:\/\/www.lintelligentdabidjan.info\/news\/wp-json\/wp\/v2\/comments?post=34891"}],"version-history":[{"count":1,"href":"https:\/\/www.lintelligentdabidjan.info\/news\/wp-json\/wp\/v2\/posts\/34891\/revisions"}],"predecessor-version":[{"id":34893,"href":"https:\/\/www.lintelligentdabidjan.info\/news\/wp-json\/wp\/v2\/posts\/34891\/revisions\/34893"}],"wp:featuredmedia":[{"embeddable":true,"href":"https:\/\/www.lintelligentdabidjan.info\/news\/wp-json\/wp\/v2\/media\/34892"}],"wp:attachment":[{"href":"https:\/\/www.lintelligentdabidjan.info\/news\/wp-json\/wp\/v2\/media?parent=34891"}],"wp:term":[{"taxonomy":"category","embeddable":true,"href":"https:\/\/www.lintelligentdabidjan.info\/news\/wp-json\/wp\/v2\/categories?post=34891"},{"taxonomy":"post_tag","embeddable":true,"href":"https:\/\/www.lintelligentdabidjan.info\/news\/wp-json\/wp\/v2\/tags?post=34891"}],"curies":[{"name":"wp","href":"https:\/\/api.w.org\/{rel}","templated":true}]}}