{"id":34900,"date":"2024-08-12T02:08:54","date_gmt":"2024-08-12T00:08:54","guid":{"rendered":"https:\/\/www.lintelligentdabidjan.info\/news\/?p=34900"},"modified":"2024-08-12T02:58:26","modified_gmt":"2024-08-12T00:58:26","slug":"programme-de-lutte-contre-la-fragilite-dans-les-zones-frontalieres-du-nord-le-demarrage-de-la-3eme-phase-annonce-pour-septembre-2024","status":"publish","type":"post","link":"https:\/\/www.lintelligentdabidjan.info\/news\/programme-de-lutte-contre-la-fragilite-dans-les-zones-frontalieres-du-nord-le-demarrage-de-la-3eme-phase-annonce-pour-septembre-2024\/","title":{"rendered":"Programme de Lutte contre la Fragilit\u00e9 dans les Zones Frontali\u00e8res du Nord-   Le d\u00e9marrage de la 3\u00e8me phase annonc\u00e9 pour septembre 2024"},"content":{"rendered":"<p><em><strong>Le d\u00e9marrage de la 3e phase du Programme de Lutte contre la Fragilit\u00e9 dans les Zones Frontali\u00e8res du Nord est annonc\u00e9 pour septembre 2024<\/strong><\/em><\/p>\n<p>Le samedi 10 ao\u00fbt 2024, des c\u00e9r\u00e9monies se sont tenues dans les localit\u00e9s de Bounkani, Bagou\u00e9, Kabadougou, et Tchologo pour marquer le soutien du gouvernement \u00e0 l\u2019insertion et l\u2019autonomisation des jeunes, dans le cadre du programme de lutte contre la fragilit\u00e9 dans les zones frontali\u00e8res du Nord pour l\u2019\u00e9dition 2023, r\u00e9cemment achev\u00e9e.<\/p>\n<p>Les dispositifs mis en place comprenaient des activit\u00e9s g\u00e9n\u00e9ratrices de revenus, des subventions pour des projets d\u2019entrepreneuriat, des permis de conduire, et des formations sanctionn\u00e9es par des attestations.<\/p>\n<p>En pr\u00e9sence des repr\u00e9sentants du minist\u00e8re de la Promotion de la Jeunesse, de l&#8217;Insertion Professionnelle et du Service Civique, ainsi que de l\u2019ensemble du corps pr\u00e9fectoral et des \u00e9lus locaux, de nombreux jeunes ont t\u00e9moign\u00e9 de l\u2019efficacit\u00e9 de ce programme.<\/p>\n<p><strong>53 883 b\u00e9n\u00e9ficiaires  pour les \u00e9ditions 2022 et 2023.<\/strong><\/p>\n<p>Lors de ces c\u00e9r\u00e9monies, 1 776 b\u00e9n\u00e9ficiaires ont \u00e9t\u00e9 pris en charge dans le Kabadougou, 2 676 dans le Tchologo, 2 291 dans le Bounkani, et 2 055 dans la Bagou\u00e9. Il convient d&#8217;ajouter les 2 506 b\u00e9n\u00e9ficiaires de la r\u00e9gion du Poro, qui ont d\u00e9j\u00e0 re\u00e7u le soutien du gouvernement lors de la c\u00e9r\u00e9monie du 3 ao\u00fbt 2024 dans le Poro. Ainsi, ce sont au total 53 883 b\u00e9n\u00e9ficiaires qui ont b\u00e9n\u00e9fici\u00e9 du programme pour les \u00e9ditions 2022 et 2023.<\/p>\n<p>Le 7 juillet 2023, \u00e0 Ferkess\u00e9dougou dans le Tchologo, a eu lieu le lancement de la phase 2 du programme de lutte contre la fragilit\u00e9 dans les zones frontali\u00e8res du Nord, qui vient de s\u2019achever. Ce programme ambitieux concerne six r\u00e9gions, visant \u00e0 renforcer la coh\u00e9sion sociale et la r\u00e9silience \u00e9conomique des populations du nord, expos\u00e9es aux risques d\u2019attaques terroristes en raison de leur proximit\u00e9 avec le Mali et le Burkina Faso. Les r\u00e9gions concern\u00e9es sont : Bagou\u00e9, Bounkani, Folon, Kabadougou, Poro, et Tchologo.<\/p>\n<p><strong>Le lancement de la 3e \u00e9dition de ce programme est pr\u00e9vu pour septembre prochain.<\/strong><\/p>\n<p>Pour rappel, l\u2019objectif quantitatif de la composante \u00ab insertion professionnelle et emploi des jeunes \u00bb du Programme pour la p\u00e9riode 2022-2024 est d\u2019atteindre 65 613 b\u00e9n\u00e9ficiaires pour un budget de 33 milliards de F CFA.<\/p>\n<p><strong>Tour\u00e9 Abdoulaye<\/strong><\/p>\n","protected":false},"excerpt":{"rendered":"<p>Le d\u00e9marrage de la 3e phase du Programme de Lutte contre la Fragilit\u00e9 dans les Zones Frontali\u00e8res du Nord est annonc\u00e9 pour septembre 2024 Le samedi 10 ao\u00fbt 2024, des c\u00e9r\u00e9monies se sont tenues dans les localit\u00e9s de Bounkani, Bagou\u00e9, Kabadougou, et Tchologo pour marquer le soutien du gouvernement \u00e0 l\u2019insertion et l\u2019autonomisation des jeunes, [&hellip;]<\/p>\n","protected":false},"author":3,"featured_media":34911,"comment_status":"closed","ping_status":"closed","sticky":false,"template":"","format":"standard","meta":{"_monsterinsights_skip_tracking":false,"_monsterinsights_sitenote_active":false,"_monsterinsights_sitenote_note":"","_monsterinsights_sitenote_category":0,"footnotes":""},"categories":[2,17,3],"tags":[3969,3691,2658,3968,2918,3967],"class_list":["post-34900","post","type-post","status-publish","format-standard","has-post-thumbnail","hentry","category-featured","category-politique","category-societe","tag-demarrage","tag-fragilite","tag-lutte","tag-nord","tag-programme","tag-zones-frontalieres"],"_links":{"self":[{"href":"https:\/\/www.lintelligentdabidjan.info\/news\/wp-json\/wp\/v2\/posts\/34900","targetHints":{"allow":["GET"]}}],"collection":[{"href":"https:\/\/www.lintelligentdabidjan.info\/news\/wp-json\/wp\/v2\/posts"}],"about":[{"href":"https:\/\/www.lintelligentdabidjan.info\/news\/wp-json\/wp\/v2\/types\/post"}],"author":[{"embeddable":true,"href":"https:\/\/www.lintelligentdabidjan.info\/news\/wp-json\/wp\/v2\/users\/3"}],"replies":[{"embeddable":true,"href":"https:\/\/www.lintelligentdabidjan.info\/news\/wp-json\/wp\/v2\/comments?post=34900"}],"version-history":[{"count":1,"href":"https:\/\/www.lintelligentdabidjan.info\/news\/wp-json\/wp\/v2\/posts\/34900\/revisions"}],"predecessor-version":[{"id":34901,"href":"https:\/\/www.lintelligentdabidjan.info\/news\/wp-json\/wp\/v2\/posts\/34900\/revisions\/34901"}],"wp:featuredmedia":[{"embeddable":true,"href":"https:\/\/www.lintelligentdabidjan.info\/news\/wp-json\/wp\/v2\/media\/34911"}],"wp:attachment":[{"href":"https:\/\/www.lintelligentdabidjan.info\/news\/wp-json\/wp\/v2\/media?parent=34900"}],"wp:term":[{"taxonomy":"category","embeddable":true,"href":"https:\/\/www.lintelligentdabidjan.info\/news\/wp-json\/wp\/v2\/categories?post=34900"},{"taxonomy":"post_tag","embeddable":true,"href":"https:\/\/www.lintelligentdabidjan.info\/news\/wp-json\/wp\/v2\/tags?post=34900"}],"curies":[{"name":"wp","href":"https:\/\/api.w.org\/{rel}","templated":true}]}}