{"id":34907,"date":"2024-08-12T02:55:15","date_gmt":"2024-08-12T00:55:15","guid":{"rendered":"https:\/\/www.lintelligentdabidjan.info\/news\/?p=34907"},"modified":"2024-08-12T02:55:15","modified_gmt":"2024-08-12T00:55:15","slug":"sakassou-yves-toto-appelle-la-jeunesse-a-la-cohesion-et-a-la-solidarite","status":"publish","type":"post","link":"https:\/\/www.lintelligentdabidjan.info\/news\/sakassou-yves-toto-appelle-la-jeunesse-a-la-cohesion-et-a-la-solidarite\/","title":{"rendered":"Sakassou-  Yves Toto appelle la jeunesse \u00e0 la coh\u00e9sion et \u00e0 la solidarit\u00e9"},"content":{"rendered":"<p><em><strong>\u00c0 l&#8217;occasion de la Journ\u00e9e internationale de la jeunesse c\u00e9l\u00e9br\u00e9e chaque ann\u00e9e,  le 12 ao\u00fbt 2024, la direction d\u00e9partementale de la Promotion de la Jeunesse, de l&#8217;Insertion Professionnelle et du Service Civique de Sakassou, avec le soutien du ministre-directeur de cabinet du vice-pr\u00e9sident de la R\u00e9publique, Ahoutou Emmanuel, en collaboration avec les organisations de jeunes de Sakassou, a comm\u00e9mor\u00e9 cette journ\u00e9e. C&#8217;\u00e9tait le vendredi 10 ao\u00fbt 2024 avec la jeunesse de cette localit\u00e9. La premi\u00e8re \u00e9dition de cette c\u00e9l\u00e9bration \u00e0 Sakassou avait pour th\u00e8me &#8220;Progr\u00e8s \u00e0 port\u00e9e de CLIC : la jeunesse et le secteur num\u00e9rique au service du d\u00e9veloppement durable&#8221;.<\/strong><\/em><\/p>\n<p>Yves Toto, vice-pr\u00e9sident du conseil r\u00e9gional de Gb\u00eak\u00ea et repr\u00e9sentant du ministre-directeur de cabinet Ahoutou Emmanuel, a profit\u00e9 de cette occasion pour encourager la jeunesse de la localit\u00e9 \u00e0 renforcer la coh\u00e9sion et la solidarit\u00e9, particuli\u00e8rement en cette p\u00e9riode \u00e9lectorale.<\/p>\n<p>\u00ab Le message du ministre-directeur de cabinet Ahoutou Emmanuel Koffi \u00e0 l&#8217;endroit des jeunes est un message de coh\u00e9sion. Pour rappel,  Sakassou a travers\u00e9 des moments difficiles en 2020. Nous sommes en 2024, et 2025 sera encore une ann\u00e9e \u00e9lectorale. \u00c0 cette occasion, le ministre souhaite inviter les jeunes \u00e0 s&#8217;engager en politique, tout en mettant en avant le d\u00e9veloppement de leur d\u00e9partement et de leur r\u00e9gion \u00bb, a d\u00e9clar\u00e9 le repr\u00e9sentant du parrain.<\/p>\n<p>Suite \u00e0 l&#8217;annonce de la visite du ministre en charge de l&#8217;Insertion Professionnelle des jeunes, Mamadou Tour\u00e9, pr\u00e9vue d\u00e9but octobre \u00e0 Sakassou, le repr\u00e9sentant du parrain a incit\u00e9 la population \u00e0 tirer parti des opportunit\u00e9s offertes par ce minist\u00e8re.<\/p>\n<p>\u00ab Saisissez toutes les opportunit\u00e9s li\u00e9es aux activit\u00e9s de d\u00e9veloppement \u00e0 Sakassou, notamment en ce qui concerne la construction d&#8217;infrastructures, ainsi que les dispositifs mis en place par le minist\u00e8re de la Promotion de la Jeunesse pour l&#8217;emploi des jeunes \u00bb, a-t-il insist\u00e9.<\/p>\n<p>Pr\u00e9sent lors de cette c\u00e9r\u00e9monie, le  pr\u00e9fet  du d\u00e9partement de Sakassou, Bonaventure Ti\u00e9gb\u00e9, a soulign\u00e9 la n\u00e9cessit\u00e9 pour les populations de Sakassou, en g\u00e9n\u00e9ral, et les jeunes, en particulier, de rester unis et de favoriser le vivre ensemble.<\/p>\n<p><strong>Nambac\u00e9r\u00e9 Jo\u00ebl <\/strong><\/p>\n","protected":false},"excerpt":{"rendered":"<p>\u00c0 l&#8217;occasion de la Journ\u00e9e internationale de la jeunesse c\u00e9l\u00e9br\u00e9e chaque ann\u00e9e, le 12 ao\u00fbt 2024, la direction d\u00e9partementale de la Promotion de la Jeunesse, de l&#8217;Insertion Professionnelle et du Service Civique de Sakassou, avec le soutien du ministre-directeur de cabinet du vice-pr\u00e9sident de la R\u00e9publique, Ahoutou Emmanuel, en collaboration avec les organisations de jeunes [&hellip;]<\/p>\n","protected":false},"author":3,"featured_media":34908,"comment_status":"closed","ping_status":"closed","sticky":false,"template":"","format":"standard","meta":{"_monsterinsights_skip_tracking":false,"_monsterinsights_sitenote_active":false,"_monsterinsights_sitenote_note":"","_monsterinsights_sitenote_category":0,"footnotes":""},"categories":[2,3],"tags":[],"class_list":["post-34907","post","type-post","status-publish","format-standard","has-post-thumbnail","hentry","category-featured","category-societe"],"_links":{"self":[{"href":"https:\/\/www.lintelligentdabidjan.info\/news\/wp-json\/wp\/v2\/posts\/34907","targetHints":{"allow":["GET"]}}],"collection":[{"href":"https:\/\/www.lintelligentdabidjan.info\/news\/wp-json\/wp\/v2\/posts"}],"about":[{"href":"https:\/\/www.lintelligentdabidjan.info\/news\/wp-json\/wp\/v2\/types\/post"}],"author":[{"embeddable":true,"href":"https:\/\/www.lintelligentdabidjan.info\/news\/wp-json\/wp\/v2\/users\/3"}],"replies":[{"embeddable":true,"href":"https:\/\/www.lintelligentdabidjan.info\/news\/wp-json\/wp\/v2\/comments?post=34907"}],"version-history":[{"count":1,"href":"https:\/\/www.lintelligentdabidjan.info\/news\/wp-json\/wp\/v2\/posts\/34907\/revisions"}],"predecessor-version":[{"id":34909,"href":"https:\/\/www.lintelligentdabidjan.info\/news\/wp-json\/wp\/v2\/posts\/34907\/revisions\/34909"}],"wp:featuredmedia":[{"embeddable":true,"href":"https:\/\/www.lintelligentdabidjan.info\/news\/wp-json\/wp\/v2\/media\/34908"}],"wp:attachment":[{"href":"https:\/\/www.lintelligentdabidjan.info\/news\/wp-json\/wp\/v2\/media?parent=34907"}],"wp:term":[{"taxonomy":"category","embeddable":true,"href":"https:\/\/www.lintelligentdabidjan.info\/news\/wp-json\/wp\/v2\/categories?post=34907"},{"taxonomy":"post_tag","embeddable":true,"href":"https:\/\/www.lintelligentdabidjan.info\/news\/wp-json\/wp\/v2\/tags?post=34907"}],"curies":[{"name":"wp","href":"https:\/\/api.w.org\/{rel}","templated":true}]}}