{"id":34917,"date":"2024-08-13T06:44:04","date_gmt":"2024-08-13T04:44:04","guid":{"rendered":"https:\/\/www.lintelligentdabidjan.info\/news\/?p=34917"},"modified":"2024-08-13T06:59:01","modified_gmt":"2024-08-13T04:59:01","slug":"foumbolo-toure-debonahan-leon-annonce-la-premiere-edition-de-la-semaine-culturelle-a-tiobolo","status":"publish","type":"post","link":"https:\/\/www.lintelligentdabidjan.info\/news\/foumbolo-toure-debonahan-leon-annonce-la-premiere-edition-de-la-semaine-culturelle-a-tiobolo\/","title":{"rendered":"Foumbolo :  Tour\u00e9 Debonahan L\u00e9on annonce la premi\u00e8re \u00e9dition de la semaine culturelle \u00e0 Tiobolo"},"content":{"rendered":"<p><em><strong>\u00c0 l&#8217;approche de la premi\u00e8re \u00e9dition des journ\u00e9es socioculturelles intitul\u00e9es &#8220;GNINLIN WEGBANMANYAHA&#8221;, qui se traduit en langue Djimini par &#8220;Si Dieu nous donne la sant\u00e9, nous ferons de grandes choses&#8221;, Tour\u00e9 Debonahan L\u00e9on, responsable de la communication de cet \u00e9v\u00e9nement, a anim\u00e9 une conf\u00e9rence de presse le dimanche 11 ao\u00fbt 2024 . Celle-ci s&#8217;est tenue \u00e0 l&#8217;universit\u00e9 Alassane Ouattara de Bouak\u00e9, en pr\u00e9sence de plusieurs membres du comit\u00e9 d&#8217;organisation.<\/strong><\/em><\/p>\n<p>Cette initiative, port\u00e9e par la mutuelle de d\u00e9veloppement de Tiobolo, vise \u00e0 rassembler tous les fils et filles du village autour d&#8217;un objectif commun : le d\u00e9veloppement. Selon Tour\u00e9 Debonahan L\u00e9on, ce sera \u00e9galement un moment de retrouvailles pour la communaut\u00e9.<\/p>\n<p>L&#8217;\u00e9dition inaugurale s&#8217;annonce riche en activit\u00e9s destin\u00e9es \u00e0 marquer les esprits des participants. &#8220;Nous pr\u00e9voyons un tournoi de Maracana pour la jeunesse de notre village, afin de renforcer les liens. La culture sera \u00e9galement \u00e0 l&#8217;honneur avec une soir\u00e9e sp\u00e9ciale d\u00e9di\u00e9e aux contes et l\u00e9gendes. Nous souhaitons v\u00e9ritablement marquer cette premi\u00e8re \u00e9dition, car durant cette semaine culturelle, nous c\u00e9l\u00e9brerons \u00e9galement la f\u00eate de la lumi\u00e8re&#8221;, a-t-il d\u00e9clar\u00e9.<\/p>\n<p>Durant sa conf\u00e9rence, il a lanc\u00e9 un appel \u00e0 la jeunesse de Tiobolo et des environs pour qu&#8217;elle se mobilise massivement en faveur de cet \u00e9v\u00e9nement. &#8220;J&#8217;invite donc toute la jeunesse de Tiobolo, ainsi que la diaspora, \u00e0 ce grand rendez-vous. Il est de notre responsabilit\u00e9 de valoriser nos cultures et notre village, avec l&#8217;adh\u00e9sion de tous. Bonne f\u00eate \u00e0 tous et que cette journ\u00e9e soit m\u00e9morable&#8221;, a-t-il conclu.<br \/>\nLes festivit\u00e9s se d\u00e9rouleront du mardi 27 au 31 ao\u00fbt 2024.<\/p>\n<p><strong>Nambac\u00e9r\u00e9 Jo\u00ebl <\/strong><\/p>\n","protected":false},"excerpt":{"rendered":"<p>\u00c0 l&#8217;approche de la premi\u00e8re \u00e9dition des journ\u00e9es socioculturelles intitul\u00e9es &#8220;GNINLIN WEGBANMANYAHA&#8221;, qui se traduit en langue Djimini par &#8220;Si Dieu nous donne la sant\u00e9, nous ferons de grandes choses&#8221;, Tour\u00e9 Debonahan L\u00e9on, responsable de la communication de cet \u00e9v\u00e9nement, a anim\u00e9 une conf\u00e9rence de presse le dimanche 11 ao\u00fbt 2024 . Celle-ci s&#8217;est tenue [&hellip;]<\/p>\n","protected":false},"author":3,"featured_media":34918,"comment_status":"closed","ping_status":"closed","sticky":false,"template":"","format":"standard","meta":{"_monsterinsights_skip_tracking":false,"_monsterinsights_sitenote_active":false,"_monsterinsights_sitenote_note":"","_monsterinsights_sitenote_category":0,"footnotes":""},"categories":[2,20],"tags":[3971,3335,2624,2592,3972,3970],"class_list":["post-34917","post","type-post","status-publish","format-standard","has-post-thumbnail","hentry","category-featured","category-art-et-culture","tag-culturelle","tag-foumbolo","tag-premiere-edition","tag-semaine","tag-tiobolo","tag-toure-debonahan-leon"],"_links":{"self":[{"href":"https:\/\/www.lintelligentdabidjan.info\/news\/wp-json\/wp\/v2\/posts\/34917","targetHints":{"allow":["GET"]}}],"collection":[{"href":"https:\/\/www.lintelligentdabidjan.info\/news\/wp-json\/wp\/v2\/posts"}],"about":[{"href":"https:\/\/www.lintelligentdabidjan.info\/news\/wp-json\/wp\/v2\/types\/post"}],"author":[{"embeddable":true,"href":"https:\/\/www.lintelligentdabidjan.info\/news\/wp-json\/wp\/v2\/users\/3"}],"replies":[{"embeddable":true,"href":"https:\/\/www.lintelligentdabidjan.info\/news\/wp-json\/wp\/v2\/comments?post=34917"}],"version-history":[{"count":2,"href":"https:\/\/www.lintelligentdabidjan.info\/news\/wp-json\/wp\/v2\/posts\/34917\/revisions"}],"predecessor-version":[{"id":34927,"href":"https:\/\/www.lintelligentdabidjan.info\/news\/wp-json\/wp\/v2\/posts\/34917\/revisions\/34927"}],"wp:featuredmedia":[{"embeddable":true,"href":"https:\/\/www.lintelligentdabidjan.info\/news\/wp-json\/wp\/v2\/media\/34918"}],"wp:attachment":[{"href":"https:\/\/www.lintelligentdabidjan.info\/news\/wp-json\/wp\/v2\/media?parent=34917"}],"wp:term":[{"taxonomy":"category","embeddable":true,"href":"https:\/\/www.lintelligentdabidjan.info\/news\/wp-json\/wp\/v2\/categories?post=34917"},{"taxonomy":"post_tag","embeddable":true,"href":"https:\/\/www.lintelligentdabidjan.info\/news\/wp-json\/wp\/v2\/tags?post=34917"}],"curies":[{"name":"wp","href":"https:\/\/api.w.org\/{rel}","templated":true}]}}