{"id":34921,"date":"2024-08-13T06:49:19","date_gmt":"2024-08-13T04:49:19","guid":{"rendered":"https:\/\/www.lintelligentdabidjan.info\/news\/?p=34921"},"modified":"2024-08-13T06:49:27","modified_gmt":"2024-08-13T04:49:27","slug":"lancement-de-la-campagne-inclusion-360-limportance-de-lusage-de-lintelligence-artificielle-pour-les-personnes-en-situation-de-handicap-evoquee","status":"publish","type":"post","link":"https:\/\/www.lintelligentdabidjan.info\/news\/lancement-de-la-campagne-inclusion-360-limportance-de-lusage-de-lintelligence-artificielle-pour-les-personnes-en-situation-de-handicap-evoquee\/","title":{"rendered":"Lancement de la Campagne &#8221;Inclusion 360&#8221; &#8211; L\u2019importance de l\u2019usage de l\u2019Intelligence artificielle pour les personnes en situation de handicap \u00e9voqu\u00e9e"},"content":{"rendered":"<p><em><strong>L\u2019Ong \u2018\u2019Inclusion Plus C\u00f4te d\u2019Ivoire\u2019\u2019, dirig\u00e9e par Malick Fadiga, a lanc\u00e9 sa  campagne \u00ab Inclusion360 \u00bb, le samedi 10 ao\u00fbt 2024 au Mus\u00e9e des Cultures Contemporaines Adama Toungara d\u2019Abidjan-Abobo avec pour th\u00e8me \u00ab Vers une soci\u00e9t\u00e9 plus accessible gr\u00e2ce \u00e0 la r\u00e9alit\u00e9 virtuelle \u00bb.<\/strong><\/em><\/p>\n<p> Cette rencontre marque le d\u00e9but d\u2019une s\u00e9rie d\u2019initiatives visant \u00e0 sensibiliser le public \u00e0 travers l\u2019usage de la r\u00e9alit\u00e9 virtuelle. Selon Malick Fadiga, pr\u00e9sident de l\u2019Ong \u2018\u2019Inclusion Plus C\u00f4te d\u2019Ivoire\u2019\u2019, cette campagne est destin\u00e9e \u00e0 promouvoir l\u2019inclusion sociale et professionnelle des personnes en situation de handicap. \u00ab Nous voulons changer cela en apportant une touche novatrice avec la r\u00e9alit\u00e9 virtuelle, permettant ainsi \u00e0 chacun de vivre la r\u00e9alit\u00e9 des personnes en situation de handicap \u00bb, a-t-il d\u00e9clar\u00e9. En tant que personne en situation de handicap lui-m\u00eame, Fadiga a exprim\u00e9 son d\u00e9sir de r\u00e9soudre le probl\u00e8me de l\u2019inclusion sociale et professionnelle gr\u00e2ce \u00e0 \u00ab Inclusion360 \u00bb, une campagne immersive visant \u00e0 favoriser une meilleure compr\u00e9hension et empathie envers les personnes handicap\u00e9es. La phase pratique de \u2018\u2019Inclusion360\u2019\u2019 commencera en septembre 2024 et se poursuivra jusqu\u2019en 2025. L\u2019Ong pr\u00e9voit d\u2019\u00e9largir cette initiative au-del\u00e0 d\u2019Abidjan dans un avenir proche. Pour atteindre ces objectifs ambitieux, Malick Fadiga et ses collaborateurs appellent \u00e0 un soutien financier pour maximiser l\u2019impact de leur campagne. Conf\u00e9renci\u00e8re du jour, Daoud Ha\u00effa, Ceo de Loqui et ambassadrice des Abidjanaises In Tech C\u00f4te d\u2019Ivoire, a mis en avant le potentiel de l\u2019intelligence artificielle (IA) pour les personnes en situation de handicap. Elle a d\u00e9montr\u00e9 comment l&#8217;intelligence artificielle peut \u00eatre utilis\u00e9e pour faciliter l\u2019acc\u00e8s \u00e0 divers environnements et simplifier le quotidien des personnes concern\u00e9es gr\u00e2ce \u00e0 des applications sp\u00e9cialis\u00e9es. \u00abPour utiliser l\u2019intelligence artificielle de fa\u00e7on saine, je dirais qu\u2019il faut de la formation et de la sensibilisation. Avec une bonne formation et une bonne sensibilisation, on arrive \u00e0 d\u00e9diaboliser cette technologie qui a un \u00e9norme potentiel que \u00e7a soit dans le monde du travail mais \u00e9galement pour les personnes en situation de handicap \u00bb, a-t-elle lanc\u00e9.<\/p>\n<p><strong>Olivier Dion avec A. Traor\u00e9<\/strong><\/p>\n","protected":false},"excerpt":{"rendered":"<p>L\u2019Ong \u2018\u2019Inclusion Plus C\u00f4te d\u2019Ivoire\u2019\u2019, dirig\u00e9e par Malick Fadiga, a lanc\u00e9 sa campagne \u00ab Inclusion360 \u00bb, le samedi 10 ao\u00fbt 2024 au Mus\u00e9e des Cultures Contemporaines Adama Toungara d\u2019Abidjan-Abobo avec pour th\u00e8me \u00ab Vers une soci\u00e9t\u00e9 plus accessible gr\u00e2ce \u00e0 la r\u00e9alit\u00e9 virtuelle \u00bb. Cette rencontre marque le d\u00e9but d\u2019une s\u00e9rie d\u2019initiatives visant \u00e0 sensibiliser [&hellip;]<\/p>\n","protected":false},"author":3,"featured_media":34922,"comment_status":"closed","ping_status":"closed","sticky":false,"template":"","format":"standard","meta":{"_monsterinsights_skip_tracking":false,"_monsterinsights_sitenote_active":false,"_monsterinsights_sitenote_note":"","_monsterinsights_sitenote_category":0,"footnotes":""},"categories":[2,3],"tags":[556,3270,2034,3973,2198,2221,1792,2290],"class_list":["post-34921","post","type-post","status-publish","format-standard","has-post-thumbnail","hentry","category-featured","category-societe","tag-campagne","tag-handicap","tag-importance","tag-inclusion-360","tag-intelligence-artificielle","tag-lancement","tag-personnes","tag-usage"],"_links":{"self":[{"href":"https:\/\/www.lintelligentdabidjan.info\/news\/wp-json\/wp\/v2\/posts\/34921","targetHints":{"allow":["GET"]}}],"collection":[{"href":"https:\/\/www.lintelligentdabidjan.info\/news\/wp-json\/wp\/v2\/posts"}],"about":[{"href":"https:\/\/www.lintelligentdabidjan.info\/news\/wp-json\/wp\/v2\/types\/post"}],"author":[{"embeddable":true,"href":"https:\/\/www.lintelligentdabidjan.info\/news\/wp-json\/wp\/v2\/users\/3"}],"replies":[{"embeddable":true,"href":"https:\/\/www.lintelligentdabidjan.info\/news\/wp-json\/wp\/v2\/comments?post=34921"}],"version-history":[{"count":1,"href":"https:\/\/www.lintelligentdabidjan.info\/news\/wp-json\/wp\/v2\/posts\/34921\/revisions"}],"predecessor-version":[{"id":34923,"href":"https:\/\/www.lintelligentdabidjan.info\/news\/wp-json\/wp\/v2\/posts\/34921\/revisions\/34923"}],"wp:featuredmedia":[{"embeddable":true,"href":"https:\/\/www.lintelligentdabidjan.info\/news\/wp-json\/wp\/v2\/media\/34922"}],"wp:attachment":[{"href":"https:\/\/www.lintelligentdabidjan.info\/news\/wp-json\/wp\/v2\/media?parent=34921"}],"wp:term":[{"taxonomy":"category","embeddable":true,"href":"https:\/\/www.lintelligentdabidjan.info\/news\/wp-json\/wp\/v2\/categories?post=34921"},{"taxonomy":"post_tag","embeddable":true,"href":"https:\/\/www.lintelligentdabidjan.info\/news\/wp-json\/wp\/v2\/tags?post=34921"}],"curies":[{"name":"wp","href":"https:\/\/api.w.org\/{rel}","templated":true}]}}