{"id":35048,"date":"2024-09-12T03:08:06","date_gmt":"2024-09-12T01:08:06","guid":{"rendered":"https:\/\/www.lintelligentdabidjan.info\/news\/?p=35048"},"modified":"2024-09-12T03:08:16","modified_gmt":"2024-09-12T01:08:16","slug":"emploi-et-entrepreneuriat-des-jeunes-le-rhdp-donne-rendez-vous-a-des-militants-au-palais-de-la-culture","status":"publish","type":"post","link":"https:\/\/www.lintelligentdabidjan.info\/news\/emploi-et-entrepreneuriat-des-jeunes-le-rhdp-donne-rendez-vous-a-des-militants-au-palais-de-la-culture\/","title":{"rendered":"Emploi et entrepreneuriat des jeunes : Le RHDP donne rendez-vous \u00e0 des militants au Palais de la Culture"},"content":{"rendered":"<p><em><strong>Le RHDP prend rendez-vous avec 300 de ses jeunes militants au Palais de la Culture pour une journ\u00e9e d\u00e9di\u00e9e \u00e0 l&#8217;emploi et \u00e0 l&#8217;entrepreneuriat.<\/strong><\/em><\/p>\n<p>Le RHDP organisera, le vendredi 20 septembre 2024, une journ\u00e9e \u00e0 l\u2019attention de sa jeunesse afin de lui fournir les outils n\u00e9cessaires pour b\u00e9n\u00e9ficier des opportunit\u00e9s d\u2019emploi et s&#8217;engager dans le monde de l\u2019entrepreneuriat. L\u2019information a \u00e9t\u00e9 communiqu\u00e9e le mardi 10 septembre 2024, au si\u00e8ge du parti,  \u00e0 la  rue Lepic \u00e0 Cocody, par le Secr\u00e9tariat national du parti charg\u00e9 de la promotion de l\u2019emploi des militants, qui en est l\u2019initiateur.<\/p>\n<p>\u00ab Ce sera l&#8217;occasion de r\u00e9pertorier les comp\u00e9tences au sein du parti afin d\u2019en constituer une base de donn\u00e9es et de partager avec eux toutes les opportunit\u00e9s d\u2019emplois sur le march\u00e9 ivoirien. Il s\u2019agira \u00e9galement d\u2019informer nos militants sur le march\u00e9 de l\u2019emploi, les opportunit\u00e9s qui s\u2019offrent \u00e0 eux et les comp\u00e9tences requises. Nous allons renforcer les capacit\u00e9s de nos militants, les former sur des questions li\u00e9es \u00e0 l\u2019entrepreneuriat, les informer sur les m\u00e9canismes de financement disponibles pour la r\u00e9alisation de leurs projets, mais aussi les renseigner sur les concours de la Fonction publique et les crit\u00e8res de s\u00e9lection. (\u2026) J\u2019invite donc l\u2019ensemble de la population active, et en particulier ceux en qu\u00eate d\u2019emploi et d\u2019opportunit\u00e9s pour entreprendre, \u00e0 venir massivement ce vendredi 20 septembre 2024 \u00e0 partir de 8h au Palais de la Culture \u00e0 Treichville \u00bb, a d\u00e9clar\u00e9 Issa Fadiga, Secr\u00e9taire national charg\u00e9 de la promotion de l\u2019emploi des militants.<\/p>\n<p>Pour un meilleur encadrement des jeunes militants du parti sur ces notions, un atelier pratique sur le march\u00e9 de l\u2019emploi est pr\u00e9vu durant cette activit\u00e9. 600 personnes sont attendues pour la c\u00e9r\u00e9monie d\u2019ouverture, mais seuls 300, d\u00e9j\u00e0 identifi\u00e9s, participeront \u00e0 l\u2019atelier. Ce sont des jeunes d\u00e9j\u00e0 reconnus comme militants. \u00ab Les jeunes qui prendront part \u00e0 l\u2019atelier sont d\u00e9j\u00e0 connus. Ils ont \u00e9t\u00e9 r\u00e9pertori\u00e9s et il a \u00e9t\u00e9 assur\u00e9 qu\u2019ils sont effectivement des jeunes du parti \u00bb, a-t-il pr\u00e9cis\u00e9.<\/p>\n<p>Techniques de r\u00e9daction de CV et de lettres de motivation, pr\u00e9paration \u00e0 l\u2019entretien d\u2019embauche, \u00e9laboration de business plan, ou encore techniques de recherche de financement, sont autant de sujets qui seront enseign\u00e9s aux militants. \u00ab Nous aurons une surprise pour eux. Nous leur ferons d\u00e9couvrir une innovation technologique que nous avons mise sur pied, qui va leur assurer le succ\u00e8s \u00bb, a ajout\u00e9 Ibrahim Kouassi, l\u2019un des adjoints \u00e0 Issa Fadiga, qui a appel\u00e9 la jeunesse ivoirienne \u00e0 se d\u00e9placer pour visiter les stands qui seront dress\u00e9s \u00e0 cette occasion.<\/p>\n<p>Apr\u00e8s Abidjan, des missions sont annonc\u00e9es \u00e0 l\u2019int\u00e9rieur du pays pour former d\u2019autres jeunes dans les r\u00e9gions.<\/p>\n<p><strong>J-H Koffo<\/strong><\/p>\n","protected":false},"excerpt":{"rendered":"<p>Le RHDP prend rendez-vous avec 300 de ses jeunes militants au Palais de la Culture pour une journ\u00e9e d\u00e9di\u00e9e \u00e0 l&#8217;emploi et \u00e0 l&#8217;entrepreneuriat. Le RHDP organisera, le vendredi 20 septembre 2024, une journ\u00e9e \u00e0 l\u2019attention de sa jeunesse afin de lui fournir les outils n\u00e9cessaires pour b\u00e9n\u00e9ficier des opportunit\u00e9s d\u2019emploi et s&#8217;engager dans le [&hellip;]<\/p>\n","protected":false},"author":4,"featured_media":35049,"comment_status":"closed","ping_status":"closed","sticky":false,"template":"","format":"standard","meta":{"_monsterinsights_skip_tracking":false,"_monsterinsights_sitenote_active":false,"_monsterinsights_sitenote_note":"","_monsterinsights_sitenote_category":0,"footnotes":""},"categories":[2,17,3],"tags":[2894,4014,1663,1317,144],"class_list":["post-35048","post","type-post","status-publish","format-standard","has-post-thumbnail","hentry","category-featured","category-politique","category-societe","tag-emploi","tag-entrepreneuriat-des-jeunes","tag-militants","tag-palais-de-la-culture","tag-rhdp"],"_links":{"self":[{"href":"https:\/\/www.lintelligentdabidjan.info\/news\/wp-json\/wp\/v2\/posts\/35048","targetHints":{"allow":["GET"]}}],"collection":[{"href":"https:\/\/www.lintelligentdabidjan.info\/news\/wp-json\/wp\/v2\/posts"}],"about":[{"href":"https:\/\/www.lintelligentdabidjan.info\/news\/wp-json\/wp\/v2\/types\/post"}],"author":[{"embeddable":true,"href":"https:\/\/www.lintelligentdabidjan.info\/news\/wp-json\/wp\/v2\/users\/4"}],"replies":[{"embeddable":true,"href":"https:\/\/www.lintelligentdabidjan.info\/news\/wp-json\/wp\/v2\/comments?post=35048"}],"version-history":[{"count":1,"href":"https:\/\/www.lintelligentdabidjan.info\/news\/wp-json\/wp\/v2\/posts\/35048\/revisions"}],"predecessor-version":[{"id":35050,"href":"https:\/\/www.lintelligentdabidjan.info\/news\/wp-json\/wp\/v2\/posts\/35048\/revisions\/35050"}],"wp:featuredmedia":[{"embeddable":true,"href":"https:\/\/www.lintelligentdabidjan.info\/news\/wp-json\/wp\/v2\/media\/35049"}],"wp:attachment":[{"href":"https:\/\/www.lintelligentdabidjan.info\/news\/wp-json\/wp\/v2\/media?parent=35048"}],"wp:term":[{"taxonomy":"category","embeddable":true,"href":"https:\/\/www.lintelligentdabidjan.info\/news\/wp-json\/wp\/v2\/categories?post=35048"},{"taxonomy":"post_tag","embeddable":true,"href":"https:\/\/www.lintelligentdabidjan.info\/news\/wp-json\/wp\/v2\/tags?post=35048"}],"curies":[{"name":"wp","href":"https:\/\/api.w.org\/{rel}","templated":true}]}}