{"id":35057,"date":"2024-09-12T03:26:06","date_gmt":"2024-09-12T01:26:06","guid":{"rendered":"https:\/\/www.lintelligentdabidjan.info\/news\/?p=35057"},"modified":"2024-09-12T03:26:13","modified_gmt":"2024-09-12T01:26:13","slug":"journee-mondiale-de-la-prevention-du-suicide-lappel-de-jean-marc-yace","status":"publish","type":"post","link":"https:\/\/www.lintelligentdabidjan.info\/news\/journee-mondiale-de-la-prevention-du-suicide-lappel-de-jean-marc-yace\/","title":{"rendered":"Journ\u00e9e mondiale de la pr\u00e9vention du suicide-   L\u2019appel de Jean-Marc Yac\u00e9"},"content":{"rendered":"<p><em><strong>\u00c0 l\u2019occasion de la c\u00e9l\u00e9bration de la 22\u00e8me journ\u00e9e mondiale de la pr\u00e9vention du suicide qui a eu pour th\u00e8me \u00ab changeons le discours sur le suicide \u00bb, Jean-Marc Yac\u00e9, maire de Cocody a appel\u00e9 \u00e0 la mobilisation collective en vue  de r\u00e9duire le taux de suicide et offrir des pistes de solutions. C\u2019\u00e9tait le mardi 10 septembre 2024 \u00e0 la marie de Cocody.<\/strong><\/em><\/p>\n<p> Pour Jean-Marc Yac\u00e9, l\u2019objectif vis\u00e9 \u00e0 travers cette rencontre d\u2019\u00e9changes et d\u2019encadrement est de parvenir \u00e0 une soci\u00e9t\u00e9 saine et \u00e9motionnellement bien. \u00ab Cette journ\u00e9e mondiale est une excellente occasion pour faire un pas significatif vers la sensibilisation, l\u2019\u00e9coute et les actions envers nos populations au sujet de cette probl\u00e9matique de la sant\u00e9 publique. Ce jour est bien plus qu\u2019une simple comm\u00e9moration. C\u2019est un jour qui appelle  \u00e0 la fois \u00e0 l\u2019espoir, \u00e0 la solidarit\u00e9 et \u00e0 l\u2019engagement collectif pour la pr\u00e9vention du suicide \u00bb, a-t-il laiss\u00e9 entendre. Il a \u00e9galement exprim\u00e9 ses remerciements \u00e0 tous les organisateurs et partenaires pour leur soutien ind\u00e9fectible \u00e0 cette journ\u00e9e et \u00e0 bien d\u2019autres initiatives qui leur permettent de se rapprocher chaque jour un peu plus de leur objectif commun.<\/p>\n<p>Souleymane Kon\u00e9 repr\u00e9sentant l\u2019Organisation mondiale de la sant\u00e9 (Oms) en C\u00f4te d\u2019Ivoire, a estim\u00e9 que les barri\u00e8res sur la pr\u00e9vention du suicide doivent \u00eatre bannies. \u00ab Nous saluons le gouvernement ivoirien qui a renforc\u00e9 le cadre strat\u00e9gique pour les interventions de la pr\u00e9vention du suicide et la couverture de services de sant\u00e9 mentale promotionnelle et pr\u00e9ventive. Ces initiatives s\u2019alignent parfaitement aux orientations de l\u2019Oms qui, \u00e0 travers son programme d\u2019actions, souhaite combler les lacunes mentales \u00bb, a-t-il d\u00e9clar\u00e9. Faut-il noter que cette c\u00e9r\u00e9monie a enregistr\u00e9 la participation de Bedou Sylvestre, conseiller technique, repr\u00e9sentant du minist\u00e8re de la Sant\u00e9 et de Koua Asseman M\u00e9dart, directeur coordonnateur du programme national de sant\u00e9 mentale.<\/p>\n<p><strong>Mamadou Ouattara  avec Juliana Konat\u00e9<\/strong><\/p>\n","protected":false},"excerpt":{"rendered":"<p>\u00c0 l\u2019occasion de la c\u00e9l\u00e9bration de la 22\u00e8me journ\u00e9e mondiale de la pr\u00e9vention du suicide qui a eu pour th\u00e8me \u00ab changeons le discours sur le suicide \u00bb, Jean-Marc Yac\u00e9, maire de Cocody a appel\u00e9 \u00e0 la mobilisation collective en vue de r\u00e9duire le taux de suicide et offrir des pistes de solutions. C\u2019\u00e9tait le [&hellip;]<\/p>\n","protected":false},"author":4,"featured_media":35058,"comment_status":"closed","ping_status":"closed","sticky":false,"template":"","format":"standard","meta":{"_monsterinsights_skip_tracking":false,"_monsterinsights_sitenote_active":false,"_monsterinsights_sitenote_note":"","_monsterinsights_sitenote_category":0,"footnotes":""},"categories":[2,3],"tags":[620,1463,4020,4019],"class_list":["post-35057","post","type-post","status-publish","format-standard","has-post-thumbnail","hentry","category-featured","category-societe","tag-cocody","tag-jean-marc-yace","tag-marie","tag-suicide"],"_links":{"self":[{"href":"https:\/\/www.lintelligentdabidjan.info\/news\/wp-json\/wp\/v2\/posts\/35057","targetHints":{"allow":["GET"]}}],"collection":[{"href":"https:\/\/www.lintelligentdabidjan.info\/news\/wp-json\/wp\/v2\/posts"}],"about":[{"href":"https:\/\/www.lintelligentdabidjan.info\/news\/wp-json\/wp\/v2\/types\/post"}],"author":[{"embeddable":true,"href":"https:\/\/www.lintelligentdabidjan.info\/news\/wp-json\/wp\/v2\/users\/4"}],"replies":[{"embeddable":true,"href":"https:\/\/www.lintelligentdabidjan.info\/news\/wp-json\/wp\/v2\/comments?post=35057"}],"version-history":[{"count":1,"href":"https:\/\/www.lintelligentdabidjan.info\/news\/wp-json\/wp\/v2\/posts\/35057\/revisions"}],"predecessor-version":[{"id":35059,"href":"https:\/\/www.lintelligentdabidjan.info\/news\/wp-json\/wp\/v2\/posts\/35057\/revisions\/35059"}],"wp:featuredmedia":[{"embeddable":true,"href":"https:\/\/www.lintelligentdabidjan.info\/news\/wp-json\/wp\/v2\/media\/35058"}],"wp:attachment":[{"href":"https:\/\/www.lintelligentdabidjan.info\/news\/wp-json\/wp\/v2\/media?parent=35057"}],"wp:term":[{"taxonomy":"category","embeddable":true,"href":"https:\/\/www.lintelligentdabidjan.info\/news\/wp-json\/wp\/v2\/categories?post=35057"},{"taxonomy":"post_tag","embeddable":true,"href":"https:\/\/www.lintelligentdabidjan.info\/news\/wp-json\/wp\/v2\/tags?post=35057"}],"curies":[{"name":"wp","href":"https:\/\/api.w.org\/{rel}","templated":true}]}}