{"id":35060,"date":"2024-09-12T03:29:24","date_gmt":"2024-09-12T01:29:24","guid":{"rendered":"https:\/\/www.lintelligentdabidjan.info\/news\/?p=35060"},"modified":"2024-09-12T03:29:24","modified_gmt":"2024-09-12T01:29:24","slug":"lintelligent-en-pdf-projet-teeco-le-district-autonome-dabidjan-en-immersion-a-lilo-en-ile-saint-denis","status":"publish","type":"post","link":"https:\/\/www.lintelligentdabidjan.info\/news\/lintelligent-en-pdf-projet-teeco-le-district-autonome-dabidjan-en-immersion-a-lilo-en-ile-saint-denis\/","title":{"rendered":"L&#8217;Intelligent en PDF:     Projet TEECO  Le District autonome d&#8217;Abidjan en immersion \u00e0 Lil&#8217;\u00d4 en \u00cele Saint Denis"},"content":{"rendered":"<p><strong>Le District autonome d&#8217;Abidjan en immersion \u00e0 Lil&#8217;\u00d4 en \u00cele Saint Denis dans le cadre du projet TEECO. <\/strong><\/p>\n<p>Le mercredi 11 septembre 2024, \u00e0 son arriv\u00e9e \u00e0 Paris pour le lancement international du Forum International de l\u2019\u00c9conomie Circulaire d\u2019Abidjan (Ecocir 2024), le vice-gouverneur Danho Claude Paulin a visit\u00e9 un projet \u00e9cologique dans le cadre d\u2019une immersion. Il a ensuite particip\u00e9 \u00e0 une s\u00e9ance de travail d\u00e9di\u00e9e au projet &#8220;Territoires Engag\u00e9s pour une \u00c9conomie Circulaire Op\u00e9rationnelle&#8221; (TEECO), un programme de coop\u00e9ration entre le District Autonome d\u2019Abidjan et la r\u00e9gion \u00cele-de-France, soutenu par l&#8217;Agence fran\u00e7aise de D\u00e9veloppement (AFD). Comment s&#8217;est d\u00e9roul\u00e9e cette immersion?<\/p>\n<p>Article \u00e0 d\u00e9couvrir en ligne sur<\/p>\n<p><a href=\"https:\/\/news.abidjan.net\/titrologie\/39-lintelligent-dabidjan\/articles\" target=\"_blank\">https:\/\/news.abidjan.net\/titrologie\/39-lintelligent-dabidjan\/articles<\/a><\/p>\n<p>\u00c0 lire aussi la pr\u00e9sentation de Lettres de cr\u00e9ances de 5 ambassadeurs au Pr\u00e9sident de la R\u00e9publique, l&#8217;interdiction des aphrodisiaques naturels pr\u00e9sum\u00e9s, la signature par Adjoumani d&#8217;un m\u00e9morandum avec la Fondation Saemaul pour l\u2019autosuffisance en riz, les t\u00e9moignages des b\u00e9n\u00e9ficiaires de projets jeunes \u00e0 Ta\u00ef .<\/p>\n<p>Cliquez pour les d\u00e9tails<\/p>\n<p><a href=\"https:\/\/www.afrikipresse.fr\/abonnement\" target=\"_blank\">https:\/\/www.afrikipresse.fr\/abonnement<\/a><\/p>\n<p>\u00c0 voir \u00e9galement comment la C\u00f4te d&#8217;Ivoire a rendu hommage \u00e0 Issa Hayatou.<\/p>\n<p><a href=\"https:\/\/www.pressecotedivoire.ci\/titrologie\" target=\"_blank\">https:\/\/www.pressecotedivoire.ci\/titrologie<\/a><\/p>\n","protected":false},"excerpt":{"rendered":"<p>Le District autonome d&#8217;Abidjan en immersion \u00e0 Lil&#8217;\u00d4 en \u00cele Saint Denis dans le cadre du projet TEECO. Le mercredi 11 septembre 2024, \u00e0 son arriv\u00e9e \u00e0 Paris pour le lancement international du Forum International de l\u2019\u00c9conomie Circulaire d\u2019Abidjan (Ecocir 2024), le vice-gouverneur Danho Claude Paulin a visit\u00e9 un projet \u00e9cologique dans le cadre d\u2019une [&hellip;]<\/p>\n","protected":false},"author":4,"featured_media":35061,"comment_status":"closed","ping_status":"closed","sticky":false,"template":"","format":"standard","meta":{"_monsterinsights_skip_tracking":false,"_monsterinsights_sitenote_active":false,"_monsterinsights_sitenote_note":"","_monsterinsights_sitenote_category":0,"footnotes":""},"categories":[2,3],"tags":[],"class_list":["post-35060","post","type-post","status-publish","format-standard","has-post-thumbnail","hentry","category-featured","category-societe"],"_links":{"self":[{"href":"https:\/\/www.lintelligentdabidjan.info\/news\/wp-json\/wp\/v2\/posts\/35060","targetHints":{"allow":["GET"]}}],"collection":[{"href":"https:\/\/www.lintelligentdabidjan.info\/news\/wp-json\/wp\/v2\/posts"}],"about":[{"href":"https:\/\/www.lintelligentdabidjan.info\/news\/wp-json\/wp\/v2\/types\/post"}],"author":[{"embeddable":true,"href":"https:\/\/www.lintelligentdabidjan.info\/news\/wp-json\/wp\/v2\/users\/4"}],"replies":[{"embeddable":true,"href":"https:\/\/www.lintelligentdabidjan.info\/news\/wp-json\/wp\/v2\/comments?post=35060"}],"version-history":[{"count":1,"href":"https:\/\/www.lintelligentdabidjan.info\/news\/wp-json\/wp\/v2\/posts\/35060\/revisions"}],"predecessor-version":[{"id":35062,"href":"https:\/\/www.lintelligentdabidjan.info\/news\/wp-json\/wp\/v2\/posts\/35060\/revisions\/35062"}],"wp:featuredmedia":[{"embeddable":true,"href":"https:\/\/www.lintelligentdabidjan.info\/news\/wp-json\/wp\/v2\/media\/35061"}],"wp:attachment":[{"href":"https:\/\/www.lintelligentdabidjan.info\/news\/wp-json\/wp\/v2\/media?parent=35060"}],"wp:term":[{"taxonomy":"category","embeddable":true,"href":"https:\/\/www.lintelligentdabidjan.info\/news\/wp-json\/wp\/v2\/categories?post=35060"},{"taxonomy":"post_tag","embeddable":true,"href":"https:\/\/www.lintelligentdabidjan.info\/news\/wp-json\/wp\/v2\/tags?post=35060"}],"curies":[{"name":"wp","href":"https:\/\/api.w.org\/{rel}","templated":true}]}}