{"id":35066,"date":"2024-09-13T02:39:07","date_gmt":"2024-09-13T00:39:07","guid":{"rendered":"https:\/\/www.lintelligentdabidjan.info\/news\/?p=35066"},"modified":"2024-09-13T02:39:16","modified_gmt":"2024-09-13T00:39:16","slug":"bouake-foire-industrielle-commerciale-et-agronomique-2024-sylla-ba-lamine-appelle-a-sapproprier-levenement","status":"publish","type":"post","link":"https:\/\/www.lintelligentdabidjan.info\/news\/bouake-foire-industrielle-commerciale-et-agronomique-2024-sylla-ba-lamine-appelle-a-sapproprier-levenement\/","title":{"rendered":"Bouak\u00e9-Foire  industrielle, commerciale et agronomique 2024  Sylla Ba Lamine appelle  \u00e0 s&#8217;approprier l\u2019\u00e9v\u00e9nement"},"content":{"rendered":"<p><strong>La ville de Bouak\u00e9 accueillera bient\u00f4t la premi\u00e8re \u00e9dition de la foire industrielle, commerciale et agronomique &#8220;FICA 2024&#8221;, qui se d\u00e9roulera du 23 au 28 septembre 2024 \u00e0 l&#8217;auberge des jeunes de Bouak\u00e9. En pr\u00e9lude \u00e0 cet \u00e9v\u00e9nement , le commissaire g\u00e9n\u00e9ral, Sylla Ba Lamine, par ailleurs, le directeur g\u00e9n\u00e9ral de la soci\u00e9t\u00e9 \u00e9v\u00e9nementielle de Bouak\u00e9 (S.E.B) et le directeur d&#8217;exploitation, Gueye Jean-Pierre, ont anim\u00e9 une conf\u00e9rence de presse le 9 septembre 2024 dans une salle de la ville pour annoncer l&#8217;organisation pratique de cette activit\u00e9.  <\/strong><\/p>\n<p>Initi\u00e9e par la S.E.B, cette \u00e9dition se d\u00e9roulera sous le th\u00e8me  &#8220;Bouak\u00e9, ville cosmopolite, carrefour de champs commerciaux, pilier de l&#8217;histoire \u00e9conomique, industrielle et culturelle de la r\u00e9gion du Gb\u00eak\u00ea&#8221;. Cet \u00e9v\u00e9nement constitue un grand rendez-vous pour les populations du Gb\u00eak\u00ea et d&#8217;ailleurs. Selon le commissaire g\u00e9n\u00e9ral, la foire sera enrichie de nombreuses activit\u00e9s : tourisme, \u00e9conomie, industrie, commerce, artisanat, panels, expositions, signatures de conventions, conf\u00e9rences, prestations artistiques, et bien d&#8217;autres encore.<\/p>\n<p>Pour garantir le succ\u00e8s de cette premi\u00e8re \u00e9dition, le commissaire g\u00e9n\u00e9ral a invit\u00e9 les populations locales \u00e0 s&#8217;approprier cette initiative. \u00ab Je voudrais tout simplement inviter les populations de Bouak\u00e9, dans toute leur diversit\u00e9, \u00e0 s&#8217;approprier FICA 2024. FICA 2024 est leur foire. C&#8217;est une foire qui ambitionne d&#8217;aller au-del\u00e0 de toutes les esp\u00e9rances. Cette foire sera l&#8217;occasion pour les habitants de Bouak\u00e9, et pas seulement pour eux, mais pour toute la r\u00e9gion, de d\u00e9couvrir les potentialit\u00e9s touristiques, agronomiques, industrielles et commerciales de la ville. Nous invitons les jeunes, les femmes, les cadres et m\u00eame les fonctionnaires \u00e0 venir participer \u00e0 cet \u00e9v\u00e9nement \u00bb, a-t-il d\u00e9clar\u00e9.<\/p>\n<p>Pour lui, cette initiative soutient la vision du premier magistrat de la ville, Amadou Kon\u00e9, visant \u00e0 redynamiser toutes les potentialit\u00e9s \u00e9conomiques, industrielles et agronomiques de Bouak\u00e9 \u00e0 travers l&#8217;organisation de cette foire. &#8220;Il est essentiel que Bouak\u00e9 ne reste pas en marge des autres villes. Nous devons donner un nouveau visage \u00e0 Bouak\u00e9 \u00bb, a-t-il ajout\u00e9.<\/p>\n<p>Les organisateurs pr\u00e9voient de rassembler plus de 1 000 personnes pour cette \u00e9dition.<\/p>\n<p><strong>Nambac\u00e9r\u00e9 Jo\u00ebl<\/strong><\/p>\n","protected":false},"excerpt":{"rendered":"<p>La ville de Bouak\u00e9 accueillera bient\u00f4t la premi\u00e8re \u00e9dition de la foire industrielle, commerciale et agronomique &#8220;FICA 2024&#8221;, qui se d\u00e9roulera du 23 au 28 septembre 2024 \u00e0 l&#8217;auberge des jeunes de Bouak\u00e9. En pr\u00e9lude \u00e0 cet \u00e9v\u00e9nement , le commissaire g\u00e9n\u00e9ral, Sylla Ba Lamine, par ailleurs, le directeur g\u00e9n\u00e9ral de la soci\u00e9t\u00e9 \u00e9v\u00e9nementielle de [&hellip;]<\/p>\n","protected":false},"author":4,"featured_media":35067,"comment_status":"closed","ping_status":"closed","sticky":false,"template":"","format":"standard","meta":{"_monsterinsights_skip_tracking":false,"_monsterinsights_sitenote_active":false,"_monsterinsights_sitenote_note":"","_monsterinsights_sitenote_category":0,"footnotes":""},"categories":[2,3],"tags":[4025,125,4024,4027,4023,4026],"class_list":["post-35066","post","type-post","status-publish","format-standard","has-post-thumbnail","hentry","category-featured","category-societe","tag-agronomique-2024","tag-bouake","tag-commerciale","tag-evenement","tag-foire-industrielle","tag-sylla-ba-lamine"],"_links":{"self":[{"href":"https:\/\/www.lintelligentdabidjan.info\/news\/wp-json\/wp\/v2\/posts\/35066","targetHints":{"allow":["GET"]}}],"collection":[{"href":"https:\/\/www.lintelligentdabidjan.info\/news\/wp-json\/wp\/v2\/posts"}],"about":[{"href":"https:\/\/www.lintelligentdabidjan.info\/news\/wp-json\/wp\/v2\/types\/post"}],"author":[{"embeddable":true,"href":"https:\/\/www.lintelligentdabidjan.info\/news\/wp-json\/wp\/v2\/users\/4"}],"replies":[{"embeddable":true,"href":"https:\/\/www.lintelligentdabidjan.info\/news\/wp-json\/wp\/v2\/comments?post=35066"}],"version-history":[{"count":1,"href":"https:\/\/www.lintelligentdabidjan.info\/news\/wp-json\/wp\/v2\/posts\/35066\/revisions"}],"predecessor-version":[{"id":35068,"href":"https:\/\/www.lintelligentdabidjan.info\/news\/wp-json\/wp\/v2\/posts\/35066\/revisions\/35068"}],"wp:featuredmedia":[{"embeddable":true,"href":"https:\/\/www.lintelligentdabidjan.info\/news\/wp-json\/wp\/v2\/media\/35067"}],"wp:attachment":[{"href":"https:\/\/www.lintelligentdabidjan.info\/news\/wp-json\/wp\/v2\/media?parent=35066"}],"wp:term":[{"taxonomy":"category","embeddable":true,"href":"https:\/\/www.lintelligentdabidjan.info\/news\/wp-json\/wp\/v2\/categories?post=35066"},{"taxonomy":"post_tag","embeddable":true,"href":"https:\/\/www.lintelligentdabidjan.info\/news\/wp-json\/wp\/v2\/tags?post=35066"}],"curies":[{"name":"wp","href":"https:\/\/api.w.org\/{rel}","templated":true}]}}