{"id":35081,"date":"2024-09-16T02:03:02","date_gmt":"2024-09-16T00:03:02","guid":{"rendered":"https:\/\/www.lintelligentdabidjan.info\/news\/?p=35081"},"modified":"2024-09-16T02:03:06","modified_gmt":"2024-09-16T00:03:06","slug":"oscars-des-radios-voici-les-criteres-de-la-competition","status":"publish","type":"post","link":"https:\/\/www.lintelligentdabidjan.info\/news\/oscars-des-radios-voici-les-criteres-de-la-competition\/","title":{"rendered":"Oscars des radios &#8211;  Voici les crit\u00e8res  de la comp\u00e9tition"},"content":{"rendered":"<p><em><strong> La 2\u00e8me \u00e9dition des Oscars de la Radio a \u00e9t\u00e9 officiellement lanc\u00e9e le jeudi 12 septembre 2024 \u00e0 la Maison de la Presse d\u2019Abidjan-Plateau, sous le th\u00e8me \u00ab Le maintien et le renforcement de la coh\u00e9sion sociale \u00bb, en pr\u00e9sence des professionnels de la communication. Pour cette \u00e9dition, trois prix majeurs seront d\u00e9cern\u00e9s : le \u00ab Prix Ren\u00e9 Bourgoin de la Meilleure Radio \u00bb, le \u00ab Prix de la Meilleure Production sur le th\u00e8me susmentionn\u00e9 \u00bb et le \u00ab Prix Sectoriel Anar\u00e9-CI pour la Protection des Droits des Consommateurs dans le Secteur de l&#8217;\u00c9lectricit\u00e9 \u00bb.<\/strong><\/em><\/p>\n<p> Selon Eric Gohou, pr\u00e9sident ex\u00e9cutif de l&#8217;Union des Radios de Proximit\u00e9 de C\u00f4te d&#8217;Ivoire (URPCI), le choix de ce th\u00e8me vise \u00e0 sensibiliser les populations \u00e0 la coh\u00e9sion sociale et \u00e0 reconna\u00eetre les efforts r\u00e9alis\u00e9s dans ce domaine. \u00ab Ce concours de production radiophonique a pour objectif principal de valoriser le m\u00e9rite et le travail acharn\u00e9 des hommes et des femmes dans ce secteur. Comme vous le savez, la radio est le m\u00e9dia le plus consomm\u00e9, et l&#8217;URPCI a d\u00e9cid\u00e9 de la transformer en un v\u00e9ritable outil de d\u00e9veloppement communautaire, capable de rassembler et de fa\u00e7onner la soci\u00e9t\u00e9 dans toute sa diversit\u00e9 \u00bb, a-t-il d\u00e9clar\u00e9.<\/p>\n<p><strong>Diff\u00e9rents   prix en comp\u00e9tition<\/strong><\/p>\n<p>Kamagat\u00e9 El Hadj Ali , 1er vice-pr\u00e9sident de l&#8217;Urpci  et Directeur g\u00e9n\u00e9ral de la radio Zanzan  a indiqu\u00e9 que le  prix Me Ren\u00e9 Bourgoin est le prix qui r\u00e9compense par ordre \u00e9m\u00e9rite les trois meilleurs radios qui se sont distingu\u00e9s au cours de l&#8217;ann\u00e9e (&#8230;) par leur organisation, le respect des consignes et r\u00e8gles de l&#8217;Union.<br \/>\nEnsuite, pour le deuxi\u00e8me prix, celui de la meilleure production qui concerne les producteurs des radios membres de l&#8217;Urpci. Ils seront appel\u00e9s \u00e0 faire une production radiophonique. Le format qui est le plus utilis\u00e9 dans notre secteur, c&#8217;est le magazine. Ils produiront un magazine sur le th\u00e8me  impos\u00e9 \u201c le maintien et le renforcement de la coh\u00e9sion sociale\u201d. En plus de ce th\u00e8me qui est impos\u00e9 pour le magazine, il y a un prix sectoriel qui est port\u00e9 par l&#8217;Autorit\u00e9 Nationale de R\u00e9gulation du secteur de l&#8217;\u00c9lectricit\u00e9 de C\u00f4te d&#8217;Ivoire( Anare-CI)  autour du th\u00e8me \u201cAnare-CI, pour la protection des consommateurs d\u2019\u00e9lectricit\u00e9 \u201c \u00c0 ce niveau il est demand\u00e9 de produire un reportage. a-t-il  d\u00e9clar\u00e9<\/p>\n<p><strong>Conditions  de d\u00e9p\u00f4t des dossiers<\/strong><\/p>\n<p>\u00abPour les radios, les producteurs et productrices apr\u00e8s ce lancement, auront \u00e0 travailler jusqu&#8217;au 20 octobre pour qu&#8217;on puisse recevoir leur candidature ou bien leur produit. Pour le prix Ren\u00e9 Bourgoin qui concerne les radios, les  dossiers de candidature seront d\u00e9pos\u00e9s sous pli ferm\u00e9 au si\u00e8ge de l&#8217;Urpci avec la mention candidature au prix Me  Ren\u00e9 Bourgoin de la meilleure radio. Les productions seront envoy\u00e9es par mail \u00e0 l&#8217;adresse Urpci 99@yahoo.fr de l&#8217;Union ou bien aupr\u00e8s du secr\u00e9taire permanent de l&#8217;Urpci(&#8230;) sous format num\u00e9rique accompagn\u00e9es d&#8217;une fiche d&#8217;inscription que vous pourrez avoir en ligne \u00e9galement. \u00bb, a fait savoir, El Hadj Kamagat\u00e9<\/p>\n<p><strong>Crit\u00e8res de radio pr\u00e9sent\u00e9s.<\/strong><\/p>\n<p>Nous avons scind\u00e9 en deux grands points l&#8217;organisation interne de la radio not\u00e9 sur 60. La radio \u00e9galement ex\u00e9cute des collaborations avec d&#8217;autres partenaires. Ce volet sera not\u00e9 sur 40. La totalit\u00e9 est not\u00e9e sur 100 points. Cela concerne les radios pour le prix Ren\u00e9 Bourgoin. Pour ce qui est de la meilleure production, il y aura la pertinence du sujet qui sera \u00e9valu\u00e9e par le respect du format dans le genre sociologique. \u00bb, a- t-il expliqu\u00e9<\/p>\n<p>Le Directeur g\u00e9n\u00e9ral de Haute Autorit\u00e9 de la Communication Audiovisuelle, Demb\u00e9l\u00e9 Yacouba a f\u00e9licit\u00e9 les producteurs et productrices pour le soin qu&#8217;ils mettent dans leurs productions.  \u00abLa Haca sera pr\u00e9sente aupr\u00e8s de vous si vous \u00eates soumis \u00e0 notre r\u00e9gulation. (&#8230;) On le constate d\u00e9j\u00e0 avec les productions qui sont faites avec l&#8217;aide de l&#8217;Urpci. Il y&#8217;a tr\u00e8s peu de programmes inappropri\u00e9s au niveau des radios de proximit\u00e9. Les critiques que nous faisons des radios de proximit\u00e9 sont li\u00e9es \u00e0 l&#8217;aspect technique\u00bb, a-t-il dit.<br \/>\n Pour ce concours, un jury d&#8217;experts sera charg\u00e9 d&#8217;\u00e9valuer et de d\u00e9partager les diff\u00e9rentes productions.<\/p>\n<p><strong>Mamadou Ouattara avec C\u00e9cile Mobio <\/strong><\/p>\n","protected":false},"excerpt":{"rendered":"<p>La 2\u00e8me \u00e9dition des Oscars de la Radio a \u00e9t\u00e9 officiellement lanc\u00e9e le jeudi 12 septembre 2024 \u00e0 la Maison de la Presse d\u2019Abidjan-Plateau, sous le th\u00e8me \u00ab Le maintien et le renforcement de la coh\u00e9sion sociale \u00bb, en pr\u00e9sence des professionnels de la communication. Pour cette \u00e9dition, trois prix majeurs seront d\u00e9cern\u00e9s : le [&hellip;]<\/p>\n","protected":false},"author":4,"featured_media":35082,"comment_status":"closed","ping_status":"closed","sticky":false,"template":"","format":"standard","meta":{"_monsterinsights_skip_tracking":false,"_monsterinsights_sitenote_active":false,"_monsterinsights_sitenote_note":"","_monsterinsights_sitenote_category":0,"footnotes":""},"categories":[2,3],"tags":[4035,4034,4033],"class_list":["post-35081","post","type-post","status-publish","format-standard","has-post-thumbnail","hentry","category-featured","category-societe","tag-competition","tag-criteres","tag-oscars-des-radios"],"_links":{"self":[{"href":"https:\/\/www.lintelligentdabidjan.info\/news\/wp-json\/wp\/v2\/posts\/35081","targetHints":{"allow":["GET"]}}],"collection":[{"href":"https:\/\/www.lintelligentdabidjan.info\/news\/wp-json\/wp\/v2\/posts"}],"about":[{"href":"https:\/\/www.lintelligentdabidjan.info\/news\/wp-json\/wp\/v2\/types\/post"}],"author":[{"embeddable":true,"href":"https:\/\/www.lintelligentdabidjan.info\/news\/wp-json\/wp\/v2\/users\/4"}],"replies":[{"embeddable":true,"href":"https:\/\/www.lintelligentdabidjan.info\/news\/wp-json\/wp\/v2\/comments?post=35081"}],"version-history":[{"count":1,"href":"https:\/\/www.lintelligentdabidjan.info\/news\/wp-json\/wp\/v2\/posts\/35081\/revisions"}],"predecessor-version":[{"id":35083,"href":"https:\/\/www.lintelligentdabidjan.info\/news\/wp-json\/wp\/v2\/posts\/35081\/revisions\/35083"}],"wp:featuredmedia":[{"embeddable":true,"href":"https:\/\/www.lintelligentdabidjan.info\/news\/wp-json\/wp\/v2\/media\/35082"}],"wp:attachment":[{"href":"https:\/\/www.lintelligentdabidjan.info\/news\/wp-json\/wp\/v2\/media?parent=35081"}],"wp:term":[{"taxonomy":"category","embeddable":true,"href":"https:\/\/www.lintelligentdabidjan.info\/news\/wp-json\/wp\/v2\/categories?post=35081"},{"taxonomy":"post_tag","embeddable":true,"href":"https:\/\/www.lintelligentdabidjan.info\/news\/wp-json\/wp\/v2\/tags?post=35081"}],"curies":[{"name":"wp","href":"https:\/\/api.w.org\/{rel}","templated":true}]}}