{"id":35126,"date":"2024-09-19T06:46:32","date_gmt":"2024-09-19T04:46:32","guid":{"rendered":"https:\/\/www.lintelligentdabidjan.info\/news\/?p=35126"},"modified":"2024-09-19T06:46:32","modified_gmt":"2024-09-19T04:46:32","slug":"colonel-ble-tanouhe-seraphin-lempt-est-ouverte-a-tous-les-enfants-excellents-peu-importe-leur-situation-sociale","status":"publish","type":"post","link":"https:\/\/www.lintelligentdabidjan.info\/news\/colonel-ble-tanouhe-seraphin-lempt-est-ouverte-a-tous-les-enfants-excellents-peu-importe-leur-situation-sociale\/","title":{"rendered":"Colonel Bl\u00e9 Tanouh\u00e9 Seraphin :   \u00ab L\u2019Empt est  ouverte \u00e0 tous les enfants excellents peu importe leur situation sociale \u00bb"},"content":{"rendered":"<p><em><strong> Le Centre d\u2019information et de communication gouvernementale (CICG), dans le cadre de sa  tribune  \u00ab Tout savoir sur  \u00bb, a re\u00e7u le colonel Bl\u00e9 Tanouh\u00e9 S\u00e9raphin, directeur de l&#8217;\u00c9cole Militaire Pr\u00e9paratoire Technique (EMPT), le mardi 17 septembre 2024 \u00e0 Abidjan-Plateau.<\/strong><\/em><\/p>\n<p>Le colonel Bl\u00e9 Tanouh\u00e9 S\u00e9raphin a profit\u00e9 de l\u2019occasion pour pr\u00e9senter les origines de l\u2019\u00e9cole, ainsi que ses missions et son organisation.&#8221;<\/p>\n<p>\u00ab C\u2019est pour nous un plaisir et un grand honneur de prendre part \u00e0 cette tribune de partage dont l\u2019objectif affich\u00e9 est de faire conna\u00eetre cette prestigieuse \u00e9cole. L\u2019\u00c9cole militaire pr\u00e9paratoire technique (Empt), dans sa structure actuelle, est le seul \u00e9tablissement d\u2019enseignement public polyvalent de C\u00f4te d\u2019Ivoire. Plac\u00e9e sous tutelle du Minist\u00e8re d\u2019Etat, Minist\u00e8re de la D\u00e9fense, elle a en son sein une fili\u00e8re d\u2019enseignement technique et une fili\u00e8re d\u2019enseignement g\u00e9n\u00e9ral. Cet institut \u00e0 vocation r\u00e9gionale cr\u00e9\u00e9 en 1939, est situ\u00e9 dans la commune de Bingerville. En 85 ann\u00e9es d\u2019existence, il  a connu des mutations diverses dont la mixit\u00e9 intervenue en octobre 2013 et l\u2019ouverture prochaine des s\u00e9ries E et F1. \u00c0 travers un encadrement et un enseignement, cette \u00e9cole  fait de la qualit\u00e9 de la culture de l\u2019excellence son credo. l\u2019Empt est une \u00e9cole d\u2019excellence et ouverte \u00e0 tous les enfants excellents peu importe leur situation sociale \u00bb, a t-il soulign\u00e9. <\/p>\n<p>Il a indiqu\u00e9 qu\u2019\u00e9tant fier de son h\u00e9ritage, cet institut contribue \u00e0 la formation des \u00e9lites militaires et civiles tant au niveau national que r\u00e9gional, en int\u00e9grant les filles dans son cursus.&#8221;<\/p>\n<p>\u00ab Ouverte \u00e0 la gent f\u00e9minine pendant la rentr\u00e9e scolaire 2013-2014, elle accueille ses premiers pensionnaires filles au nombre de 20. Aujourd\u2019hui, l\u2019\u00e9cole fonctionne comme un lyc\u00e9e militaire polyvalent, fruit d\u2019une longue mutation avec environ 198 filles pour la rentr\u00e9e 2023-2024. Depuis l\u2019int\u00e9gration des filles, la plus forte moyenne obtenue depuis sa cr\u00e9ation, l&#8217;\u00e9cole appartient aux filles. L\u2019admission \u00e0 l\u2019Empt est subordonn\u00e9e \u00e0 un concours tr\u00e8s s\u00e9lectif. Les candidats doivent avoir le niveau de la classe de CM2 et \u00eatre \u00e2g\u00e9s de 12 ans au maximum. Pour l\u2019ann\u00e9e scolaire \u00e9coul\u00e9e, elle a accueilli 679 \u00e9l\u00e8ves de 11 nationalit\u00e9s. Sa principale mission est de donner \u00e0 ses \u00e9l\u00e8ves une formation morale, intellectuelle, technique, physique et militaire qui leur permet de participer dans les meilleures conditions au recrutement des cadres et techniciens des Forces arm\u00e9es de C\u00f4te d\u2019Ivoire et des arm\u00e9es des pays fr\u00e8res ainsi que dans l\u2019administration civile et priv\u00e9e&#8221;, a t-il fait savoir.  <\/p>\n<p>Plac\u00e9e sous l\u2019autorit\u00e9 du Chef d\u2019\u00c9tat-Major G\u00e9n\u00e9ral des Arm\u00e9es de C\u00f4te d\u2019Ivoire, l\u2019Empt est dirig\u00e9e par un Officier Sup\u00e9rieur qui prend l\u2019appellation de Commandant-\u00c9cole ou Chef de Corps et exerce son autorit\u00e9 sur toutes les parties du service. Il est assist\u00e9 dans sa t\u00e2che par un Commandant en Second, un Commandant de la Division de l\u2019instruction militaire (Dim), un Directeur de l\u2019Enseignement G\u00e9n\u00e9ral (Deg), un Directeur de l\u2019Enseignement Technique (Det) et de diff\u00e9rents services. Ses enseignants sont issus des dipl\u00f4m\u00e9s de l\u2019Ens, et Ipnetp. <\/p>\n<p><strong>Mamadou Ouattara avec G\u00e9rard Batoua<\/strong><\/p>\n","protected":false},"excerpt":{"rendered":"<p>Le Centre d\u2019information et de communication gouvernementale (CICG), dans le cadre de sa tribune \u00ab Tout savoir sur \u00bb, a re\u00e7u le colonel Bl\u00e9 Tanouh\u00e9 S\u00e9raphin, directeur de l&#8217;\u00c9cole Militaire Pr\u00e9paratoire Technique (EMPT), le mardi 17 septembre 2024 \u00e0 Abidjan-Plateau. Le colonel Bl\u00e9 Tanouh\u00e9 S\u00e9raphin a profit\u00e9 de l\u2019occasion pour pr\u00e9senter les origines de l\u2019\u00e9cole, [&hellip;]<\/p>\n","protected":false},"author":4,"featured_media":35127,"comment_status":"closed","ping_status":"closed","sticky":false,"template":"","format":"standard","meta":{"_monsterinsights_skip_tracking":false,"_monsterinsights_sitenote_active":false,"_monsterinsights_sitenote_note":"","_monsterinsights_sitenote_category":0,"footnotes":""},"categories":[2,3],"tags":[],"class_list":["post-35126","post","type-post","status-publish","format-standard","has-post-thumbnail","hentry","category-featured","category-societe"],"_links":{"self":[{"href":"https:\/\/www.lintelligentdabidjan.info\/news\/wp-json\/wp\/v2\/posts\/35126","targetHints":{"allow":["GET"]}}],"collection":[{"href":"https:\/\/www.lintelligentdabidjan.info\/news\/wp-json\/wp\/v2\/posts"}],"about":[{"href":"https:\/\/www.lintelligentdabidjan.info\/news\/wp-json\/wp\/v2\/types\/post"}],"author":[{"embeddable":true,"href":"https:\/\/www.lintelligentdabidjan.info\/news\/wp-json\/wp\/v2\/users\/4"}],"replies":[{"embeddable":true,"href":"https:\/\/www.lintelligentdabidjan.info\/news\/wp-json\/wp\/v2\/comments?post=35126"}],"version-history":[{"count":1,"href":"https:\/\/www.lintelligentdabidjan.info\/news\/wp-json\/wp\/v2\/posts\/35126\/revisions"}],"predecessor-version":[{"id":35128,"href":"https:\/\/www.lintelligentdabidjan.info\/news\/wp-json\/wp\/v2\/posts\/35126\/revisions\/35128"}],"wp:featuredmedia":[{"embeddable":true,"href":"https:\/\/www.lintelligentdabidjan.info\/news\/wp-json\/wp\/v2\/media\/35127"}],"wp:attachment":[{"href":"https:\/\/www.lintelligentdabidjan.info\/news\/wp-json\/wp\/v2\/media?parent=35126"}],"wp:term":[{"taxonomy":"category","embeddable":true,"href":"https:\/\/www.lintelligentdabidjan.info\/news\/wp-json\/wp\/v2\/categories?post=35126"},{"taxonomy":"post_tag","embeddable":true,"href":"https:\/\/www.lintelligentdabidjan.info\/news\/wp-json\/wp\/v2\/tags?post=35126"}],"curies":[{"name":"wp","href":"https:\/\/api.w.org\/{rel}","templated":true}]}}