{"id":35129,"date":"2024-09-19T06:49:49","date_gmt":"2024-09-19T04:49:49","guid":{"rendered":"https:\/\/www.lintelligentdabidjan.info\/news\/?p=35129"},"modified":"2024-09-19T06:49:49","modified_gmt":"2024-09-19T04:49:49","slug":"lintelligent-en-pdf-gouvernement-de-cote-divoire-le-prochain-conseil-des-ministres-naura-lieu-ni-un-mercredi-ni-un-jeudi","status":"publish","type":"post","link":"https:\/\/www.lintelligentdabidjan.info\/news\/lintelligent-en-pdf-gouvernement-de-cote-divoire-le-prochain-conseil-des-ministres-naura-lieu-ni-un-mercredi-ni-un-jeudi\/","title":{"rendered":"L&#8217;Intelligent en PDF:    Gouvernement de  C\u00f4te d&#8217;Ivoire   Le prochain Conseil des Ministres n&#8217;aura lieu ni un mercredi ni un jeudi"},"content":{"rendered":"<p><strong>\u00c0 l&#8217;issue du Conseil des ministres du mercredi 18 septembre 2024, le porte-parole du gouvernement, Amadou Coulibaly, a annonc\u00e9 la nouvelle date du conseil. Il n&#8217;aura lieu ni mercredi, ni jeudi contrairement \u00e0 l&#8217;habitude. Quelle est la date du prochain Conseil des ministres? <\/strong><\/p>\n<p>Article \u00e0 d\u00e9couvrir dans vos kiosques et en ligne sur<\/p>\n<p><a href=\"https:\/\/news.abidjan.net\/titrologie\/39-lintelligent-dabidjan\/articles\" target=\"_blank\">https:\/\/news.abidjan.net\/titrologie\/39-lintelligent-dabidjan\/articles<\/a><\/p>\n<p>\u00c0 lire \u00e9galement d\u2019une bourde contest\u00e9e \u00e0 une bourde av\u00e9r\u00e9e ? N&#8217;ZI Bernard Kokora riposte,le Sursaut s\u2019explique, la suspension par Hien SIE de l&#8217;application de tous les nouveaux tarifs au niveau l&#8217;importation au Port autonome d&#8217;Abidjan, les v\u00e9rit\u00e9s de Anne Ouloto apr\u00e8s l\u2019hommage \u00e0 Ouattara dans le District des Montagnes, Des propos appelant \u00e0 la dissolution du Minist\u00e8re des ressources animales et halieutiques d\u00e9nonc\u00e9s, la reconnaissance du leadership de la C\u00f4te d\u2019Ivoire dans la transformation \u00e0 la 18e Conf\u00e9rence Annuelle de l&#8217;Alliance pour le Cajou Africain \u00e0 Cotonou.<\/p>\n<p>Cliquez pour les d\u00e9tails<\/p>\n<p><a href=\"https:\/\/www.afrikipresse.fr\/abonnement\" target=\"_blank\">https:\/\/www.afrikipresse.fr\/abonnement<\/a><\/p>\n<p>\u00c0 voir aussi un Brunch interethnique pour la coh\u00e9sion sociale \u00e0 Bouak\u00e9.<\/p>\n<p><a href=\"https:\/\/www.pressecotedivoire.ci\/titrologie\" target=\"_blank\">https:\/\/www.pressecotedivoire.ci\/titrologie<\/a><\/p>\n","protected":false},"excerpt":{"rendered":"<p>\u00c0 l&#8217;issue du Conseil des ministres du mercredi 18 septembre 2024, le porte-parole du gouvernement, Amadou Coulibaly, a annonc\u00e9 la nouvelle date du conseil. Il n&#8217;aura lieu ni mercredi, ni jeudi contrairement \u00e0 l&#8217;habitude. Quelle est la date du prochain Conseil des ministres? Article \u00e0 d\u00e9couvrir dans vos kiosques et en ligne sur https:\/\/news.abidjan.net\/titrologie\/39-lintelligent-dabidjan\/articles \u00c0 [&hellip;]<\/p>\n","protected":false},"author":4,"featured_media":35130,"comment_status":"closed","ping_status":"closed","sticky":false,"template":"","format":"standard","meta":{"_monsterinsights_skip_tracking":false,"_monsterinsights_sitenote_active":false,"_monsterinsights_sitenote_note":"","_monsterinsights_sitenote_category":0,"footnotes":""},"categories":[2,23],"tags":[],"class_list":["post-35129","post","type-post","status-publish","format-standard","has-post-thumbnail","hentry","category-featured","category-sport"],"_links":{"self":[{"href":"https:\/\/www.lintelligentdabidjan.info\/news\/wp-json\/wp\/v2\/posts\/35129","targetHints":{"allow":["GET"]}}],"collection":[{"href":"https:\/\/www.lintelligentdabidjan.info\/news\/wp-json\/wp\/v2\/posts"}],"about":[{"href":"https:\/\/www.lintelligentdabidjan.info\/news\/wp-json\/wp\/v2\/types\/post"}],"author":[{"embeddable":true,"href":"https:\/\/www.lintelligentdabidjan.info\/news\/wp-json\/wp\/v2\/users\/4"}],"replies":[{"embeddable":true,"href":"https:\/\/www.lintelligentdabidjan.info\/news\/wp-json\/wp\/v2\/comments?post=35129"}],"version-history":[{"count":1,"href":"https:\/\/www.lintelligentdabidjan.info\/news\/wp-json\/wp\/v2\/posts\/35129\/revisions"}],"predecessor-version":[{"id":35131,"href":"https:\/\/www.lintelligentdabidjan.info\/news\/wp-json\/wp\/v2\/posts\/35129\/revisions\/35131"}],"wp:featuredmedia":[{"embeddable":true,"href":"https:\/\/www.lintelligentdabidjan.info\/news\/wp-json\/wp\/v2\/media\/35130"}],"wp:attachment":[{"href":"https:\/\/www.lintelligentdabidjan.info\/news\/wp-json\/wp\/v2\/media?parent=35129"}],"wp:term":[{"taxonomy":"category","embeddable":true,"href":"https:\/\/www.lintelligentdabidjan.info\/news\/wp-json\/wp\/v2\/categories?post=35129"},{"taxonomy":"post_tag","embeddable":true,"href":"https:\/\/www.lintelligentdabidjan.info\/news\/wp-json\/wp\/v2\/tags?post=35129"}],"curies":[{"name":"wp","href":"https:\/\/api.w.org\/{rel}","templated":true}]}}