{"id":35143,"date":"2024-09-23T02:36:12","date_gmt":"2024-09-23T00:36:12","guid":{"rendered":"https:\/\/www.lintelligentdabidjan.info\/news\/?p=35143"},"modified":"2024-09-23T02:43:26","modified_gmt":"2024-09-23T00:43:26","slug":"lintelligent-en-pdf-enrolement-des-electeurs-et-revision-de-la-liste-electorale-coulibaly-kuibiert-met-a-paris-les-partis-politiques-devant-leurs-responsabilites","status":"publish","type":"post","link":"https:\/\/www.lintelligentdabidjan.info\/news\/lintelligent-en-pdf-enrolement-des-electeurs-et-revision-de-la-liste-electorale-coulibaly-kuibiert-met-a-paris-les-partis-politiques-devant-leurs-responsabilites\/","title":{"rendered":"L&#8217;Intelligent en PDF:   Enr\u00f4lement des \u00e9lecteurs et r\u00e9vision de la liste \u00e9lectorale  COULIBALY-KUIBIERT met \u00e0 Paris les partis politiques devant leurs responsabilit\u00e9s"},"content":{"rendered":"<p><strong>Lors de la rencontre avec la communaut\u00e9 ivoirienne, le samedi 21 septembre 2024 \u00e0 Paris , Ibrahime Coulibaly-Kuibiert, pr\u00e9sident de la Commission \u00c9lectorale Ind\u00e9pendante (CEI), a \u00e9voqu\u00e9 la responsabilit\u00e9 des partis politiques et l&#8217;impact des tentatives de discr\u00e9dit visant la CEI. Qu&#8217;est ce que Ibrahime Coulibaly-Kuibiert, a dit \u00e0 cette occasion? <\/strong><\/p>\n<p>Article \u00e0 d\u00e9couvrir dans vos kiosques et en ligne sur&#8230;<\/p>\n<p><a href=\"https:\/\/news.abidjan.net\/titrologie\/39-lintelligent-dabidjan\/articles\" target=\"_blank\">https:\/\/news.abidjan.net\/titrologie\/39-lintelligent-dabidjan\/articles<\/a><\/p>\n<p>\u00c0 lire aussi comment Siandou FOFANA et Asalfo ont vendu la destination C\u00f4te d\u2019Ivoire \u00e0 la 46\u00e8me \u00e9dition du salon du tourisme \u00e0 Paris, le non de DIABAT\u00c9 Beh publiquement pour la premi\u00e8re fois \u00e0 Affi N\u2019GUESSAN, l&#8217;appel de Mamadou Tour\u00e9 \u00e0 une pr\u00e9sidentielle apais\u00e9e 2025 dans le Haut Sassandra, \u00c0 quoi sert le Certificat de Qualification aux M\u00e9tiers au niveau de l&#8217;enseignement technique, formation professionnelle et apprentissage, les Ivoiriens b\u00e9n\u00e9ficiaires de visas Schengen non concern\u00e9s par l&#8217;obligation de Visa pour le Maroc et l&#8217;agenda du doctorant M\u00e9ambly au cours de l&#8217;ann\u00e9e scolaire et universitaire 2024-2025<\/p>\n<p>Cliquez pour les d\u00e9tails<\/p>\n<p><a href=\"https:\/\/www.afrikipresse.fr\/abonnement\" target=\"_blank\">https:\/\/www.afrikipresse.fr\/abonnement<\/a><\/p>\n<p>\u00c0 voir \u00e9galement comment le Pacte pour l&#8217;avenir a \u00e9t\u00e9 adopt\u00e9 \u00e0 la 79e AG\/ONU<\/p>\n<p><a href=\"https:\/\/www.pressecotedivoire.ci\/titrologie\" target=\"_blank\">https:\/\/www.pressecotedivoire.ci\/titrologie<\/a><\/p>\n","protected":false},"excerpt":{"rendered":"<p>Lors de la rencontre avec la communaut\u00e9 ivoirienne, le samedi 21 septembre 2024 \u00e0 Paris , Ibrahime Coulibaly-Kuibiert, pr\u00e9sident de la Commission \u00c9lectorale Ind\u00e9pendante (CEI), a \u00e9voqu\u00e9 la responsabilit\u00e9 des partis politiques et l&#8217;impact des tentatives de discr\u00e9dit visant la CEI. Qu&#8217;est ce que Ibrahime Coulibaly-Kuibiert, a dit \u00e0 cette occasion? Article \u00e0 d\u00e9couvrir dans [&hellip;]<\/p>\n","protected":false},"author":4,"featured_media":35144,"comment_status":"closed","ping_status":"closed","sticky":false,"template":"","format":"standard","meta":{"_monsterinsights_skip_tracking":false,"_monsterinsights_sitenote_active":false,"_monsterinsights_sitenote_note":"","_monsterinsights_sitenote_category":0,"footnotes":""},"categories":[2,3],"tags":[],"class_list":["post-35143","post","type-post","status-publish","format-standard","has-post-thumbnail","hentry","category-featured","category-societe"],"_links":{"self":[{"href":"https:\/\/www.lintelligentdabidjan.info\/news\/wp-json\/wp\/v2\/posts\/35143","targetHints":{"allow":["GET"]}}],"collection":[{"href":"https:\/\/www.lintelligentdabidjan.info\/news\/wp-json\/wp\/v2\/posts"}],"about":[{"href":"https:\/\/www.lintelligentdabidjan.info\/news\/wp-json\/wp\/v2\/types\/post"}],"author":[{"embeddable":true,"href":"https:\/\/www.lintelligentdabidjan.info\/news\/wp-json\/wp\/v2\/users\/4"}],"replies":[{"embeddable":true,"href":"https:\/\/www.lintelligentdabidjan.info\/news\/wp-json\/wp\/v2\/comments?post=35143"}],"version-history":[{"count":3,"href":"https:\/\/www.lintelligentdabidjan.info\/news\/wp-json\/wp\/v2\/posts\/35143\/revisions"}],"predecessor-version":[{"id":35147,"href":"https:\/\/www.lintelligentdabidjan.info\/news\/wp-json\/wp\/v2\/posts\/35143\/revisions\/35147"}],"wp:featuredmedia":[{"embeddable":true,"href":"https:\/\/www.lintelligentdabidjan.info\/news\/wp-json\/wp\/v2\/media\/35144"}],"wp:attachment":[{"href":"https:\/\/www.lintelligentdabidjan.info\/news\/wp-json\/wp\/v2\/media?parent=35143"}],"wp:term":[{"taxonomy":"category","embeddable":true,"href":"https:\/\/www.lintelligentdabidjan.info\/news\/wp-json\/wp\/v2\/categories?post=35143"},{"taxonomy":"post_tag","embeddable":true,"href":"https:\/\/www.lintelligentdabidjan.info\/news\/wp-json\/wp\/v2\/tags?post=35143"}],"curies":[{"name":"wp","href":"https:\/\/api.w.org\/{rel}","templated":true}]}}