{"id":35151,"date":"2024-09-24T02:27:45","date_gmt":"2024-09-24T00:27:45","guid":{"rendered":"https:\/\/www.lintelligentdabidjan.info\/news\/?p=35151"},"modified":"2024-09-24T02:27:45","modified_gmt":"2024-09-24T00:27:45","slug":"prevention-des-conflits-et-maintien-de-la-paix-ce-que-preparent-des-femmes-au-nord-de-la-cote-divoire","status":"publish","type":"post","link":"https:\/\/www.lintelligentdabidjan.info\/news\/prevention-des-conflits-et-maintien-de-la-paix-ce-que-preparent-des-femmes-au-nord-de-la-cote-divoire\/","title":{"rendered":"Pr\u00e9vention des conflits et maintien de la paix -Ce que pr\u00e9parent  des femmes  au Nord de la C\u00f4te d\u2019Ivoire"},"content":{"rendered":"<p><em><strong>Des associations de femmes ont annonc\u00e9 des actions dans des villes frontali\u00e8res du Nord de la C\u00f4te d\u2019Ivoire afin de mener des initiatives en faveur de la pr\u00e9vention des conflits et du maintien de la paix.<\/strong><br \/>\n <\/em><br \/>\n\u00c0 l&#8217;occasion de la comm\u00e9moration de la Journ\u00e9e internationale de la paix, le samedi 21 septembre 2024, l\u2019Association des femmes juristes de C\u00f4te d\u2019Ivoire (AFJCI) et des ONG f\u00e9ministes partenaires ont annonc\u00e9 la tenue d&#8217;activit\u00e9s de sensibilisation dans les localit\u00e9s du Nord de la C\u00f4te d\u2019Ivoire. Leur objectif est de r\u00e9aliser un projet de sensibilisation destin\u00e9 aux femmes, jeunes filles et adolescentes des zones frontali\u00e8res avec le Mali et le Burkina Faso, qui sont confront\u00e9es \u00e0 des difficult\u00e9s li\u00e9es au terrorisme et \u00e0 l\u2019extr\u00e9misme religieux.<\/p>\n<p>\u00ab Nous avons cette activit\u00e9 pour pr\u00e9senter un projet qui sera lanc\u00e9. Il s&#8217;agit du projet &#8220;Femmes, paix et s\u00e9curit\u00e9&#8221;, qui vise \u00e0 renforcer les capacit\u00e9s des femmes dans les r\u00e9gions frontali\u00e8res du Nord de la C\u00f4te d\u2019Ivoire. Elles seront form\u00e9es en mati\u00e8re de r\u00e9solution des conflits. Nous avons d\u00e9j\u00e0 un r\u00e9seau de femmes m\u00e9diatrices qui existe dans ces zones. Nous nous rendrons aupr\u00e8s de ces femmes pour renforcer leurs capacit\u00e9s. (\u2026) Nous avons des d\u00e9fis financiers, mais gr\u00e2ce \u00e0 l\u2019apport de partenaires financiers, nous parvenons \u00e0 surmonter ces obstacles. L\u2019autre difficult\u00e9 r\u00e9side au niveau des populations elles-m\u00eames. Sur le terrain, elles ne sont pas toujours ouvertes \u00e0 ce type de formations. C&#8217;est pourquoi nous sommes en partenariat avec les chefs de village, les guides religieux ainsi que les autorit\u00e9s politiques locales. Nous leur pr\u00e9sentons le projet, et ils nous aident dans la sensibilisation sur ces th\u00e9matiques \u00bb, a expliqu\u00e9 Me Francine Aka Anghui, pr\u00e9sidente de l\u2019Association des femmes juristes de C\u00f4te d\u2019Ivoire.<\/p>\n<p>Le projet, baptis\u00e9 \u201cPour des agendas f\u00e9ministes, paix et s\u00e9curit\u00e9 \u2013 femmes de l\u2019Afrique de l\u2019Ouest et du Sahel, solidaires pour la paix\u201d, est port\u00e9 par l&#8217;ONG fran\u00e7aise Equipop et financ\u00e9 par l\u2019Agence fran\u00e7aise de d\u00e9veloppement (AFD) \u00e0 hauteur de 4,75 millions d\u2019euros (plus de 3,087 milliards de FCFA). Les d\u00e9l\u00e9gations se rendront dans les districts du Denguel\u00e9, des Savanes et du Zanzan. Elles iront \u00e9galement dans la Vall\u00e9e du Bandama. \u00ab Dans le Denguel\u00e9, des actions seront men\u00e9es pour lutter contre l&#8217;orpaillage clandestin, une activit\u00e9 qui attire le terrorisme. L\u00e0-bas, comme dans les autres localit\u00e9s, nous allons sillonner les villages pour expliquer aux populations le bien-fond\u00e9 du projet. Ensuite, nous organiserons des causeries-d\u00e9bats avec des femmes identifi\u00e9es dans la mise en \u0153uvre du projet, pour leur expliquer et les accompagner dans des actions sur le terrain afin de poursuivre la sensibilisation lorsque nous serons parties \u00bb, a d\u00e9clar\u00e9 Ramatou Diero, point focal de l&#8217;AFJCI en C\u00f4te d\u2019Ivoire pour Equipop.<\/p>\n<p>Le projet est \u00e9galement financ\u00e9 dans cinq autres pays de l&#8217;Afrique de l\u2019Ouest.<\/p>\n<p><strong>J-H Koffo<\/strong><\/p>\n","protected":false},"excerpt":{"rendered":"<p>Des associations de femmes ont annonc\u00e9 des actions dans des villes frontali\u00e8res du Nord de la C\u00f4te d\u2019Ivoire afin de mener des initiatives en faveur de la pr\u00e9vention des conflits et du maintien de la paix. \u00c0 l&#8217;occasion de la comm\u00e9moration de la Journ\u00e9e internationale de la paix, le samedi 21 septembre 2024, l\u2019Association des [&hellip;]<\/p>\n","protected":false},"author":4,"featured_media":35152,"comment_status":"closed","ping_status":"closed","sticky":false,"template":"","format":"standard","meta":{"_monsterinsights_skip_tracking":false,"_monsterinsights_sitenote_active":false,"_monsterinsights_sitenote_note":"","_monsterinsights_sitenote_category":0,"footnotes":""},"categories":[2,17,3],"tags":[],"class_list":["post-35151","post","type-post","status-publish","format-standard","has-post-thumbnail","hentry","category-featured","category-politique","category-societe"],"_links":{"self":[{"href":"https:\/\/www.lintelligentdabidjan.info\/news\/wp-json\/wp\/v2\/posts\/35151","targetHints":{"allow":["GET"]}}],"collection":[{"href":"https:\/\/www.lintelligentdabidjan.info\/news\/wp-json\/wp\/v2\/posts"}],"about":[{"href":"https:\/\/www.lintelligentdabidjan.info\/news\/wp-json\/wp\/v2\/types\/post"}],"author":[{"embeddable":true,"href":"https:\/\/www.lintelligentdabidjan.info\/news\/wp-json\/wp\/v2\/users\/4"}],"replies":[{"embeddable":true,"href":"https:\/\/www.lintelligentdabidjan.info\/news\/wp-json\/wp\/v2\/comments?post=35151"}],"version-history":[{"count":1,"href":"https:\/\/www.lintelligentdabidjan.info\/news\/wp-json\/wp\/v2\/posts\/35151\/revisions"}],"predecessor-version":[{"id":35153,"href":"https:\/\/www.lintelligentdabidjan.info\/news\/wp-json\/wp\/v2\/posts\/35151\/revisions\/35153"}],"wp:featuredmedia":[{"embeddable":true,"href":"https:\/\/www.lintelligentdabidjan.info\/news\/wp-json\/wp\/v2\/media\/35152"}],"wp:attachment":[{"href":"https:\/\/www.lintelligentdabidjan.info\/news\/wp-json\/wp\/v2\/media?parent=35151"}],"wp:term":[{"taxonomy":"category","embeddable":true,"href":"https:\/\/www.lintelligentdabidjan.info\/news\/wp-json\/wp\/v2\/categories?post=35151"},{"taxonomy":"post_tag","embeddable":true,"href":"https:\/\/www.lintelligentdabidjan.info\/news\/wp-json\/wp\/v2\/tags?post=35151"}],"curies":[{"name":"wp","href":"https:\/\/api.w.org\/{rel}","templated":true}]}}