{"id":35157,"date":"2024-09-24T02:36:24","date_gmt":"2024-09-24T00:36:24","guid":{"rendered":"https:\/\/www.lintelligentdabidjan.info\/news\/?p=35157"},"modified":"2024-09-24T02:40:53","modified_gmt":"2024-09-24T00:40:53","slug":"lintelligent-en-pdf-conflits-dans-le-monde-anne-ouloto-depuis-paris-lafrique-ne-doit-pas-servir-de-base-arriere","status":"publish","type":"post","link":"https:\/\/www.lintelligentdabidjan.info\/news\/lintelligent-en-pdf-conflits-dans-le-monde-anne-ouloto-depuis-paris-lafrique-ne-doit-pas-servir-de-base-arriere\/","title":{"rendered":"L&#8217;Intelligent en PDF:    Conflits dans le monde-Anne Ouloto depuis Paris : \u00ab L\u2019Afrique ne doit pas servir de base arri\u00e8re \u00bb"},"content":{"rendered":"<p><strong>Le lundi 23 septembre 2024, la ministre d\u2019Etat, ministre ivoirienne de la fonction publique et de la modernisation de l\u2019administration Anne-D\u00e9sir\u00e9e Ouloto, a particip\u00e9 \u00e0 la rencontre internationale intitul\u00e9e \u201cImaginer la paix\u201d, organis\u00e9e par la communaut\u00e9 catholique Sant\u2019Edigio \u00e0 l\u2019h\u00f4tel de ville de Paris. Au cours de cette c\u00e9r\u00e9monie , Anne Ouloto a pr\u00e9sent\u00e9 l\u2019approche du pr\u00e9sident Ouattara concernant la paix et a lanc\u00e9 un appel. Quel est le message livr\u00e9 par Anne Ouloto \u00e0 cette rencontre? <\/strong><\/p>\n<p>Article \u00e0 d\u00e9couvrir dans vos kiosques et en ligne sur<\/p>\n<p><a href=\"https:\/\/news.abidjan.net\/titrologie\/39-lintelligent-dabidjan\/articles\" target=\"_blank\">https:\/\/news.abidjan.net\/titrologie\/39-lintelligent-dabidjan\/articles<\/a><\/p>\n<p>\u00c0 lire \u00e9galement Konin Kabran Fulbert d\u00e9termin\u00e9 contre ceux qui veulent le spolier au niveau du foncier \u00e0 Djorobit\u00e9, 3 accords de plus de 16 milliards FCFA sign\u00e9s, hier dans la fili\u00e8re anacarde en C\u00f4te d&#8217;Ivoire, Cap sur la production \u00e0 base de mati\u00e8res premi\u00e8res locales pour aliments pour poisson, Issiaka Sangar\u00e9, l&#8217;un des plus fid\u00e8les d&#8217;Affi N&#8217;Guessan d\u00e9sormais oppos\u00e9 \u00e0 lui, le message d&#8217;Adama Diawara et Amadou Kon\u00e9 \u00e0 la Rentr\u00e9e solennelle des Universit\u00e9s en C\u00f4te d\u2019Ivoire, la premi\u00e8re allocution solennelle du Vice pr\u00e9sident Ti\u00e9moko Meyliet Kon\u00e9 en tant que repr\u00e9sentant du Pr\u00e9sident Alassane Ouattara lors de la 79e session ordinaire de l&#8217;Assembl\u00e9e g\u00e9n\u00e9rale de l&#8217;ONU.<br \/>\nCliquez pour les d\u00e9tails<\/p>\n<p><a href=\"https:\/\/www.afrikipresse.fr\/abonnement\" target=\"_blank\">https:\/\/www.afrikipresse.fr\/abonnement<\/a><\/p>\n<p>\u00c0 voir aussi ce que KUYO Narcisse a dit, hier sur le refus de l&#8217;Africa de jouer en ligue 2.<\/p>\n","protected":false},"excerpt":{"rendered":"<p>Le lundi 23 septembre 2024, la ministre d\u2019Etat, ministre ivoirienne de la fonction publique et de la modernisation de l\u2019administration Anne-D\u00e9sir\u00e9e Ouloto, a particip\u00e9 \u00e0 la rencontre internationale intitul\u00e9e \u201cImaginer la paix\u201d, organis\u00e9e par la communaut\u00e9 catholique Sant\u2019Edigio \u00e0 l\u2019h\u00f4tel de ville de Paris. Au cours de cette c\u00e9r\u00e9monie , Anne Ouloto a pr\u00e9sent\u00e9 l\u2019approche [&hellip;]<\/p>\n","protected":false},"author":4,"featured_media":35158,"comment_status":"closed","ping_status":"closed","sticky":false,"template":"","format":"standard","meta":{"_monsterinsights_skip_tracking":false,"_monsterinsights_sitenote_active":false,"_monsterinsights_sitenote_note":"","_monsterinsights_sitenote_category":0,"footnotes":""},"categories":[2,3],"tags":[],"class_list":["post-35157","post","type-post","status-publish","format-standard","has-post-thumbnail","hentry","category-featured","category-societe"],"_links":{"self":[{"href":"https:\/\/www.lintelligentdabidjan.info\/news\/wp-json\/wp\/v2\/posts\/35157","targetHints":{"allow":["GET"]}}],"collection":[{"href":"https:\/\/www.lintelligentdabidjan.info\/news\/wp-json\/wp\/v2\/posts"}],"about":[{"href":"https:\/\/www.lintelligentdabidjan.info\/news\/wp-json\/wp\/v2\/types\/post"}],"author":[{"embeddable":true,"href":"https:\/\/www.lintelligentdabidjan.info\/news\/wp-json\/wp\/v2\/users\/4"}],"replies":[{"embeddable":true,"href":"https:\/\/www.lintelligentdabidjan.info\/news\/wp-json\/wp\/v2\/comments?post=35157"}],"version-history":[{"count":3,"href":"https:\/\/www.lintelligentdabidjan.info\/news\/wp-json\/wp\/v2\/posts\/35157\/revisions"}],"predecessor-version":[{"id":35161,"href":"https:\/\/www.lintelligentdabidjan.info\/news\/wp-json\/wp\/v2\/posts\/35157\/revisions\/35161"}],"wp:featuredmedia":[{"embeddable":true,"href":"https:\/\/www.lintelligentdabidjan.info\/news\/wp-json\/wp\/v2\/media\/35158"}],"wp:attachment":[{"href":"https:\/\/www.lintelligentdabidjan.info\/news\/wp-json\/wp\/v2\/media?parent=35157"}],"wp:term":[{"taxonomy":"category","embeddable":true,"href":"https:\/\/www.lintelligentdabidjan.info\/news\/wp-json\/wp\/v2\/categories?post=35157"},{"taxonomy":"post_tag","embeddable":true,"href":"https:\/\/www.lintelligentdabidjan.info\/news\/wp-json\/wp\/v2\/tags?post=35157"}],"curies":[{"name":"wp","href":"https:\/\/api.w.org\/{rel}","templated":true}]}}