{"id":35178,"date":"2024-09-27T05:51:08","date_gmt":"2024-09-27T03:51:08","guid":{"rendered":"https:\/\/www.lintelligentdabidjan.info\/news\/?p=35178"},"modified":"2024-09-27T05:51:08","modified_gmt":"2024-09-27T03:51:08","slug":"lutte-contre-le-travail-des-enfants-des-infrastructures-scolaires-inaugurees-dans-le-departement-de-guitry","status":"publish","type":"post","link":"https:\/\/www.lintelligentdabidjan.info\/news\/lutte-contre-le-travail-des-enfants-des-infrastructures-scolaires-inaugurees-dans-le-departement-de-guitry\/","title":{"rendered":"Lutte contre le travail des enfants-  Des infrastructures scolaires inaugur\u00e9es dans le d\u00e9partement de Guitry"},"content":{"rendered":"<p><em><strong>Plusieurs infrastructures scolaires ont \u00e9t\u00e9 inaugur\u00e9es dans le d\u00e9partement de Guitry, le mardi 24 septembre 2024.<\/strong><\/em><\/p>\n<p>Le Comit\u00e9 National de Surveillance des actions de lutte contre la Traite, l\u2019Exploitation et le Travail des Enfants (CNS), en partenariat avec l\u2019entreprise Hershey et la Fondation ICI a proc\u00e9d\u00e9 \u00e0 l\u2019inauguration d\u2019une s\u00e9rie d\u2019\u00e9coles primaires publiques, le mardi 24 septembre 2024 \u00e0 Gly, un village du d\u00e9partement de Dairo-Didizo.<\/p>\n<p>La construction, la r\u00e9habilitation et l\u2019\u00e9quipement de salles de classes, dans les trois \u00e9coles primaires publiques du village de Gly r\u00e9sultent de la signature, le 23 avril 2023, d\u2019un accord tripartite entre le Comit\u00e9 national de surveillance des actions de lutte contre la traite, l\u2019exploitation et le travail des enfants (CNS), l\u2019entreprise Hershey et la fondation ICI, selon une note d\u2019information.<\/p>\n<p>L\u2019inauguration de ces infrastructures scolaires s\u2019est d\u00e9roul\u00e9e en pr\u00e9sence de Nass\u00e9n\u00e9ba Tour\u00e9, ministre de la Famille, de la Femme et de l\u2019Enfant, repr\u00e9sentant Mme Dominique Ouattara, Premi\u00e8re dame de C\u00f4te d\u2019Ivoire et pr\u00e9sidente du CNS, Jamers Turoff, membre du comit\u00e9 ex\u00e9cutif de cette entreprise. \u00c0 cette occasion, Nass\u00e9n\u00e9ba Tour\u00e9 a annonc\u00e9 que la Premi\u00e8re dame de C\u00f4te d\u2019Ivoire a donn\u00e9 son accord pour la construction de logements pour les enseignants. \u00ab Ces \u00e9coles visent \u00e0 am\u00e9liorer l\u2019acc\u00e8s \u00e0 une \u00e9ducation de qualit\u00e9 pour les enfants dans les zones rurales d\u00e9favoris\u00e9es, afin de lutter contre le travail des enfants. Ce projet soutient les initiatives du gouvernement et constitue un aboutissement des efforts de la Premi\u00e8re dame, Dominique Ouattara, qui plaide activement aupr\u00e8s des entreprises de cacao pour am\u00e9liorer les conditions \u00e9ducatives \u00bb, a soulign\u00e9 Nass\u00e9n\u00e9ba Tour\u00e9, par ailleurs vice-pr\u00e9sidente du Comit\u00e9 interminist\u00e9riel de lutte contre la traite, l\u2019exploitation et le travail des enfants (CIM). Elle a salu\u00e9 le partenariat entre les parties prenantes, en vue de prot\u00e9ger les enfants : \u00ab Ce projet est un mod\u00e8le durable de partenariat. Lorsque nous unissons nos forces, de mani\u00e8re compl\u00e9mentaire et collaborative, nous avons la capacit\u00e9 d\u2019am\u00e9liorer significativement la vie de milliers d\u2019enfants et leurs familles en r\u00e9duisant leur vuln\u00e9rabilit\u00e9 sociale et \u00e9conomique face au travail des enfants \u00bb.<\/p>\n<p> <strong>Patricia Sylvie Yao, secr\u00e9taire ex\u00e9cutive du CNS :\u00ab Gr\u00e2ce \u00e0 Dominique Ouattara vous \u00eates en s\u00e9curit\u00e9 \u00bb<\/strong><\/p>\n<p>Secr\u00e9taire ex\u00e9cutive du CNS, Patricia Sylvie Yao s\u2019est adress\u00e9e aux enfants, premiers b\u00e9n\u00e9ficiaires des actions de la Premi\u00e8re dame de C\u00f4te d\u2019Ivoire dans la lutte contre le travail des enfants. \u00ab Gr\u00e2ce \u00e0 Dominique Ouattara vous \u00eates en s\u00e9curit\u00e9 \u00bb, leur a-t-elle dit. James Turoff et Euphrasie Aka, directrice Afrique de la Fondation ICI se sont honor\u00e9 de ce partenariat public-priv\u00e9, qui permettra de r\u00e9aliser, de 2023 \u00e0 2025 douze \u00e9coles, des forages et des latrines dans les zones de production du cacao.<br \/>\n<strong><br \/>\nOlivier Dion<\/strong><\/p>\n","protected":false},"excerpt":{"rendered":"<p>Plusieurs infrastructures scolaires ont \u00e9t\u00e9 inaugur\u00e9es dans le d\u00e9partement de Guitry, le mardi 24 septembre 2024. Le Comit\u00e9 National de Surveillance des actions de lutte contre la Traite, l\u2019Exploitation et le Travail des Enfants (CNS), en partenariat avec l\u2019entreprise Hershey et la Fondation ICI a proc\u00e9d\u00e9 \u00e0 l\u2019inauguration d\u2019une s\u00e9rie d\u2019\u00e9coles primaires publiques, le mardi [&hellip;]<\/p>\n","protected":false},"author":4,"featured_media":35179,"comment_status":"closed","ping_status":"closed","sticky":false,"template":"","format":"standard","meta":{"_monsterinsights_skip_tracking":false,"_monsterinsights_sitenote_active":false,"_monsterinsights_sitenote_note":"","_monsterinsights_sitenote_category":0,"footnotes":""},"categories":[2,3],"tags":[4061,1413,4060],"class_list":["post-35178","post","type-post","status-publish","format-standard","has-post-thumbnail","hentry","category-featured","category-societe","tag-departement-de-guitry","tag-infrastructures-scolaires","tag-lutte-contre-le-travail-des-enfants"],"_links":{"self":[{"href":"https:\/\/www.lintelligentdabidjan.info\/news\/wp-json\/wp\/v2\/posts\/35178","targetHints":{"allow":["GET"]}}],"collection":[{"href":"https:\/\/www.lintelligentdabidjan.info\/news\/wp-json\/wp\/v2\/posts"}],"about":[{"href":"https:\/\/www.lintelligentdabidjan.info\/news\/wp-json\/wp\/v2\/types\/post"}],"author":[{"embeddable":true,"href":"https:\/\/www.lintelligentdabidjan.info\/news\/wp-json\/wp\/v2\/users\/4"}],"replies":[{"embeddable":true,"href":"https:\/\/www.lintelligentdabidjan.info\/news\/wp-json\/wp\/v2\/comments?post=35178"}],"version-history":[{"count":1,"href":"https:\/\/www.lintelligentdabidjan.info\/news\/wp-json\/wp\/v2\/posts\/35178\/revisions"}],"predecessor-version":[{"id":35180,"href":"https:\/\/www.lintelligentdabidjan.info\/news\/wp-json\/wp\/v2\/posts\/35178\/revisions\/35180"}],"wp:featuredmedia":[{"embeddable":true,"href":"https:\/\/www.lintelligentdabidjan.info\/news\/wp-json\/wp\/v2\/media\/35179"}],"wp:attachment":[{"href":"https:\/\/www.lintelligentdabidjan.info\/news\/wp-json\/wp\/v2\/media?parent=35178"}],"wp:term":[{"taxonomy":"category","embeddable":true,"href":"https:\/\/www.lintelligentdabidjan.info\/news\/wp-json\/wp\/v2\/categories?post=35178"},{"taxonomy":"post_tag","embeddable":true,"href":"https:\/\/www.lintelligentdabidjan.info\/news\/wp-json\/wp\/v2\/tags?post=35178"}],"curies":[{"name":"wp","href":"https:\/\/api.w.org\/{rel}","templated":true}]}}