{"id":35181,"date":"2024-09-27T05:55:37","date_gmt":"2024-09-27T03:55:37","guid":{"rendered":"https:\/\/www.lintelligentdabidjan.info\/news\/?p=35181"},"modified":"2024-09-27T05:55:37","modified_gmt":"2024-09-27T03:55:37","slug":"annee-de-formation-2024-2025-alain-yavo-nous-attendons-150-000-apprenants-contre-143-000-les-annees-anterieures","status":"publish","type":"post","link":"https:\/\/www.lintelligentdabidjan.info\/news\/annee-de-formation-2024-2025-alain-yavo-nous-attendons-150-000-apprenants-contre-143-000-les-annees-anterieures\/","title":{"rendered":"Ann\u00e9e de formation 2024-2025 -Alain Yavo :  \u00abNous attendons 150 000 apprenants contre 143 000 les ann\u00e9es ant\u00e9rieures \u00bb"},"content":{"rendered":"<p><em><strong>Pour l\u2019ann\u00e9e de formation 2024-2025, Alain Yavo a fait savoir que ce sont 150 000 apprenants qui sont attendus contre 143 000 , les ann\u00e9es ant\u00e9rieures.<\/strong><\/em><\/p>\n<p>La tribune \u2018\u2019Tout savoir sur\u2019\u2019 du Centre d\u2019Information et de Communication Gouvernementale (Cicg) du mardi 24 septembre 2024 tenue au Syst\u00e8me Int\u00e9gr\u00e9 et de Gestion du Foncier Urbain (Sigfu) d\u2019Abidjan-Plateau \u00e9tait consacr\u00e9e \u00e0 l\u2019Ann\u00e9e de formation 2024-2025 du minist\u00e8re de l\u2019Enseignement technique, de la Formation professionnelle et de l\u2019Apprentissage.<\/p>\n<p>Alain Yavo, directeur g\u00e9n\u00e9ral de la formation initiale au minist\u00e8re de l\u2019Enseignement technique, de la Formation professionnelle et de l\u2019Apprentissage (Metfpa) a indiqu\u00e9 que l\u2019ann\u00e9e de formation 2024-2025 est plac\u00e9e sous le th\u00e8me : \u00ab Un dispositif de formation professionnelle et technique de qualit\u00e9, gage d\u2019une insertion r\u00e9ussie et durable des jeunes \u00bb. Cette ann\u00e9e qui a commenc\u00e9 le lundi 09 septembre 2024 prendra fin le dimanche 07 septembre 2025. \u00abPour l\u2019ann\u00e9e de formation 2024-2025, nous attendons 150 000 apprenants contre 143 000 que nous avons enregistr\u00e9s les ann\u00e9es ant\u00e9rieures.<\/p>\n<p><strong>Les innovations de l\u2019ann\u00e9e de formation 2024-2025<\/strong><\/p>\n<p>Pour cette nouvelle ann\u00e9e de formation, le directeur a expliqu\u00e9 que face au march\u00e9 de l\u2019emploi devenant de plus en plus comp\u00e9titif, son minist\u00e8re a entrepris  des r\u00e9formes  pour former les jeunes aux m\u00e9tiers d\u2019aujourd\u2019hui et \u00e0 ceux de demain. Dans ce sens, la r\u00e9habilitation des \u00e9tablissements engag\u00e9e depuis 2021 est encore d\u2019actualit\u00e9 au cours de cette ann\u00e9e de formation 2024-2025. \u00ab Il faut noter la poursuite de la construction de 17 nouveaux \u00e9tablissements dont 7 seront livr\u00e9s en d\u00e9cembre 2024. Ce sont les lyc\u00e9es construits \u00e0 \u00c9bimp\u00e9, Yamoussoukro, Diabo, Dabakala, Kong, Korhogo et Gb\u00e9l\u00e9ban \u00bb, a-t-il d\u00e9clar\u00e9. Aussi, il a pr\u00e9cis\u00e9 que des \u00e9tudes de faisabilit\u00e9 sont en cours pour des projets en perspectives. \u00abCes \u00e9tudes concernent les projets de construction de 14 Lyc\u00e9es Professionnels et Techniques d\u2019une capacit\u00e9 de 2 000 places chacun dans les districts. La construction de 10 lyc\u00e9es professionnels d\u2019une capacit\u00e9 de 1 500 places chacun dans les r\u00e9gions. La construction de 50 Coll\u00e8ges de formation professionnelle et technique d\u2019une capacit\u00e9 de 1 000 places chacun dans les d\u00e9partements \u00bb, a-t-il fait savoir. Dans cette m\u00eame lanc\u00e9e, Alain Yavo a notifi\u00e9 que le Centre pour le d\u00e9veloppement des curricula (Cdc), dont les travaux viennent de d\u00e9marrer sur son site, permettra au Secteur Productif de s\u2019impliquer davantage dans l\u2019\u00e9laboration et le d\u00e9roulement des programmes de formation dans le contexte de l\u2019Approche par les Comp\u00e9tences (Apc), consacr\u00e9e par le d\u00e9cret N\u00b02023-668 du 12 juillet 2023. En outre, il a mentionn\u00e9 que l\u2019ann\u00e9e 2024-2025 sera  marqu\u00e9e par l\u2019intensification du projet des classes Pr\u00e9paratoires technologie et sciences industrielles (Ptsi), avec le recrutement de la deuxi\u00e8me promotion d\u2019apprenant et aussi les r\u00e9formes relatives aux parcours de formation et aux passerelles.<\/p>\n<p><strong>Les p\u00e9riodes p\u00e9dagogiques et de stages obligatoires <\/strong><\/p>\n<p>Alain Yavo a fait savoir que l\u2019ann\u00e9e sera subdivis\u00e9e en deux semestres.  Le premier part du lundi 09 septembre 2024 au vendredi 24 janvier 2025 et le second d\u00e9bute le lundi 27 janvier 2025 et pour prendre fin le vendredi 13 juin 2025. \u00ab Les p\u00e9riodes de stages concernent les apprenants en formation professionnelle en cycle de Bt et de Cap et comprennent un stage de fin de cycle dont la programmation tient compte des p\u00e9riodes de haute activit\u00e9 dans les secteurs professionnels et un stage de fin d\u2019ann\u00e9e dans la p\u00e9riode de juillet-ao\u00fbt 2025 au profit des apprenants des classes interm\u00e9diaires \u00bb, a-t-il expliqu\u00e9.<\/p>\n<p><strong>Tour\u00e9 Abdoulaye avec A. Traor\u00e9<\/strong><\/p>\n","protected":false},"excerpt":{"rendered":"<p>Pour l\u2019ann\u00e9e de formation 2024-2025, Alain Yavo a fait savoir que ce sont 150 000 apprenants qui sont attendus contre 143 000 , les ann\u00e9es ant\u00e9rieures. La tribune \u2018\u2019Tout savoir sur\u2019\u2019 du Centre d\u2019Information et de Communication Gouvernementale (Cicg) du mardi 24 septembre 2024 tenue au Syst\u00e8me Int\u00e9gr\u00e9 et de Gestion du Foncier Urbain (Sigfu) [&hellip;]<\/p>\n","protected":false},"author":4,"featured_media":35182,"comment_status":"closed","ping_status":"closed","sticky":false,"template":"","format":"standard","meta":{"_monsterinsights_skip_tracking":false,"_monsterinsights_sitenote_active":false,"_monsterinsights_sitenote_note":"","_monsterinsights_sitenote_category":0,"footnotes":""},"categories":[2,3],"tags":[4063,4062],"class_list":["post-35181","post","type-post","status-publish","format-standard","has-post-thumbnail","hentry","category-featured","category-societe","tag-alain-yavo","tag-annee-de-formation-2024-2025"],"_links":{"self":[{"href":"https:\/\/www.lintelligentdabidjan.info\/news\/wp-json\/wp\/v2\/posts\/35181","targetHints":{"allow":["GET"]}}],"collection":[{"href":"https:\/\/www.lintelligentdabidjan.info\/news\/wp-json\/wp\/v2\/posts"}],"about":[{"href":"https:\/\/www.lintelligentdabidjan.info\/news\/wp-json\/wp\/v2\/types\/post"}],"author":[{"embeddable":true,"href":"https:\/\/www.lintelligentdabidjan.info\/news\/wp-json\/wp\/v2\/users\/4"}],"replies":[{"embeddable":true,"href":"https:\/\/www.lintelligentdabidjan.info\/news\/wp-json\/wp\/v2\/comments?post=35181"}],"version-history":[{"count":1,"href":"https:\/\/www.lintelligentdabidjan.info\/news\/wp-json\/wp\/v2\/posts\/35181\/revisions"}],"predecessor-version":[{"id":35183,"href":"https:\/\/www.lintelligentdabidjan.info\/news\/wp-json\/wp\/v2\/posts\/35181\/revisions\/35183"}],"wp:featuredmedia":[{"embeddable":true,"href":"https:\/\/www.lintelligentdabidjan.info\/news\/wp-json\/wp\/v2\/media\/35182"}],"wp:attachment":[{"href":"https:\/\/www.lintelligentdabidjan.info\/news\/wp-json\/wp\/v2\/media?parent=35181"}],"wp:term":[{"taxonomy":"category","embeddable":true,"href":"https:\/\/www.lintelligentdabidjan.info\/news\/wp-json\/wp\/v2\/categories?post=35181"},{"taxonomy":"post_tag","embeddable":true,"href":"https:\/\/www.lintelligentdabidjan.info\/news\/wp-json\/wp\/v2\/tags?post=35181"}],"curies":[{"name":"wp","href":"https:\/\/api.w.org\/{rel}","templated":true}]}}