{"id":35193,"date":"2024-09-30T02:38:57","date_gmt":"2024-09-30T00:38:57","guid":{"rendered":"https:\/\/www.lintelligentdabidjan.info\/news\/?p=35193"},"modified":"2024-09-30T02:38:57","modified_gmt":"2024-09-30T00:38:57","slug":"fica-2024-a-bouake-les-populations-exhortees-a-sapproprier-levenement","status":"publish","type":"post","link":"https:\/\/www.lintelligentdabidjan.info\/news\/fica-2024-a-bouake-les-populations-exhortees-a-sapproprier-levenement\/","title":{"rendered":"FICA 2024 \u00e0 Bouak\u00e9 :    Les populations exhort\u00e9es \u00e0 s\u2019approprier l\u2019\u00e9v\u00e8nement"},"content":{"rendered":"<p>La ville de Bouak\u00e9 accueille depuis le lundi 23 septembre 2024 la premi\u00e8re \u00e9dition de la Foire Industrielle, Commerciale et Agronomique (FICA), qui se tient \u00e0 l\u2019Auberge des Jeunes de N\u2019Gattakro. Cet \u00e9v\u00e9nement attire chaque jour un grand nombre de visiteurs vers les divers stands d&#8217;exposition am\u00e9nag\u00e9s \u00e0 cet effet. La journ\u00e9e du mercredi 25 septembre a \u00e9t\u00e9 consacr\u00e9e \u00e0 des panels et des conf\u00e9rences, mettant en lumi\u00e8re le r\u00f4le des entreprises et institutions pr\u00e9sentes dans la r\u00e9gion. Ces \u00e9changes ont \u00e9galement pour but de rapprocher les habitants des opportunit\u00e9s \u00e9conomiques locales et de les sensibiliser aux atouts industriels et agronomiques de la r\u00e9gion.<\/p>\n<p>Lors de cet \u00e9change, le commissaire g\u00e9n\u00e9ral adjoint de la FICA, Gueye Jean Pierre, a soulign\u00e9 l&#8217;importance de cette journ\u00e9e : &#8220;C&#8217;est simplement mettre en lumi\u00e8re le potentiel de la ville de Bouak\u00e9 et, par extension, de la r\u00e9gion de Gb\u00eak\u00ea&#8221;, a-t-il indiqu\u00e9.<\/p>\n<p>Il a \u00e9galement exprim\u00e9 sa satisfaction quant au bon d\u00e9roulement de l&#8217;\u00e9v\u00e9nement : &#8220;La foire a d\u00e9but\u00e9 avec plusieurs activit\u00e9s, dont des panels, des conf\u00e9rences et des visites touristiques. Nous sommes donc satisfaits de l\u2019adh\u00e9sion des populations \u00e0 cette initiative, qui valorise le potentiel agronomique, culturel, touristique et industriel de la r\u00e9gion de Gb\u00eak\u00ea&#8221;, a-t-il d\u00e9clar\u00e9.<\/p>\n<p>Profitant de l&#8217;occasion, il a invit\u00e9 les habitants de Bouak\u00e9 \u00e0 s\u2019approprier cet \u00e9v\u00e9nement en les encourageant \u00e0 d\u00e9couvrir les nombreuses opportunit\u00e9s offertes : &#8220;J\u2019invite toutes les populations, quels que soient leurs domaines d\u2019activit\u00e9s, \u00e0 venir visiter les diff\u00e9rentes expositions pour nouer des contacts. Cette foire vise \u00e0 contribuer \u00e0 la relance \u00e9conomique de Bouak\u00e9&#8221;, a-t-il ajout\u00e9.<\/p>\n<p>De nombreux exposants se r\u00e9jouissent de l&#8217;engouement suscit\u00e9 par cette foire et esp\u00e8rent \u00e9tablir de nombreux liens avec les visiteurs jusqu&#8217;\u00e0 la fin de cet \u00e9v\u00e9nement. &#8220;Nous esp\u00e9rons nouer de nombreux partenariats \u00e0 l\u2019issue de cette foire&#8221;, a soulign\u00e9 Karamoko Issouf, repr\u00e9sentant commercial au Centre de D\u00e9monstration et de Promotion de Technologies (CDT).<\/p>\n<p><strong>Nambac\u00e9r\u00e9 Jo\u00ebl<\/strong><\/p>\n","protected":false},"excerpt":{"rendered":"<p>La ville de Bouak\u00e9 accueille depuis le lundi 23 septembre 2024 la premi\u00e8re \u00e9dition de la Foire Industrielle, Commerciale et Agronomique (FICA), qui se tient \u00e0 l\u2019Auberge des Jeunes de N\u2019Gattakro. Cet \u00e9v\u00e9nement attire chaque jour un grand nombre de visiteurs vers les divers stands d&#8217;exposition am\u00e9nag\u00e9s \u00e0 cet effet. La journ\u00e9e du mercredi 25 [&hellip;]<\/p>\n","protected":false},"author":4,"featured_media":35194,"comment_status":"closed","ping_status":"closed","sticky":false,"template":"","format":"standard","meta":{"_monsterinsights_skip_tracking":false,"_monsterinsights_sitenote_active":false,"_monsterinsights_sitenote_note":"","_monsterinsights_sitenote_category":0,"footnotes":""},"categories":[2,20,18],"tags":[125,4027,4069,1512],"class_list":["post-35193","post","type-post","status-publish","format-standard","has-post-thumbnail","hentry","category-featured","category-art-et-culture","category-economie","tag-bouake","tag-evenement","tag-fica-2024","tag-populations"],"_links":{"self":[{"href":"https:\/\/www.lintelligentdabidjan.info\/news\/wp-json\/wp\/v2\/posts\/35193","targetHints":{"allow":["GET"]}}],"collection":[{"href":"https:\/\/www.lintelligentdabidjan.info\/news\/wp-json\/wp\/v2\/posts"}],"about":[{"href":"https:\/\/www.lintelligentdabidjan.info\/news\/wp-json\/wp\/v2\/types\/post"}],"author":[{"embeddable":true,"href":"https:\/\/www.lintelligentdabidjan.info\/news\/wp-json\/wp\/v2\/users\/4"}],"replies":[{"embeddable":true,"href":"https:\/\/www.lintelligentdabidjan.info\/news\/wp-json\/wp\/v2\/comments?post=35193"}],"version-history":[{"count":1,"href":"https:\/\/www.lintelligentdabidjan.info\/news\/wp-json\/wp\/v2\/posts\/35193\/revisions"}],"predecessor-version":[{"id":35195,"href":"https:\/\/www.lintelligentdabidjan.info\/news\/wp-json\/wp\/v2\/posts\/35193\/revisions\/35195"}],"wp:featuredmedia":[{"embeddable":true,"href":"https:\/\/www.lintelligentdabidjan.info\/news\/wp-json\/wp\/v2\/media\/35194"}],"wp:attachment":[{"href":"https:\/\/www.lintelligentdabidjan.info\/news\/wp-json\/wp\/v2\/media?parent=35193"}],"wp:term":[{"taxonomy":"category","embeddable":true,"href":"https:\/\/www.lintelligentdabidjan.info\/news\/wp-json\/wp\/v2\/categories?post=35193"},{"taxonomy":"post_tag","embeddable":true,"href":"https:\/\/www.lintelligentdabidjan.info\/news\/wp-json\/wp\/v2\/tags?post=35193"}],"curies":[{"name":"wp","href":"https:\/\/api.w.org\/{rel}","templated":true}]}}