{"id":35196,"date":"2024-09-30T02:42:45","date_gmt":"2024-09-30T00:42:45","guid":{"rendered":"https:\/\/www.lintelligentdabidjan.info\/news\/?p=35196"},"modified":"2024-09-30T02:42:56","modified_gmt":"2024-09-30T00:42:56","slug":"lintelligent-en-pdf-grande-mosquee-et-commercantes-a-adjame-deguerpissement-a-visage-humain-avec-bacongo","status":"publish","type":"post","link":"https:\/\/www.lintelligentdabidjan.info\/news\/lintelligent-en-pdf-grande-mosquee-et-commercantes-a-adjame-deguerpissement-a-visage-humain-avec-bacongo\/","title":{"rendered":"L&#8217;Intelligent en PDF:      Grande Mosqu\u00e9e et commer\u00e7antes \u00e0 Adjam\u00e9   D\u00e9guerpissement \u00e0 visage humain avec Bacongo"},"content":{"rendered":"<p><strong>Le d\u00e9guerpissement \u00e0 visage humain est une r\u00e9alit\u00e9 avec le ministre, gouverneur Ciss\u00e9 Ibrahima Bacongo conform\u00e9ment \u00e0 la vision et aux orientations du chef de l\u2019\u00c9tat, telles que d\u00e9clin\u00e9es par le Premier ministre.<\/strong><\/p>\n<p>C\u2019est ce qui est en train de se passer \u00e0 Adjam\u00e9 aussi bien au niveau de la Grande Mosqu\u00e9e qu\u2019\u00e0 l&#8217;\u00e9gard d\u2019un groupe de commer\u00e7antes de la commune. Pourquoi il s&#8217;agit d&#8217;un d\u00e9guerpissement \u00e0 visage humain?<\/p>\n<p>Article \u00e0 d\u00e9couvrir dans vos kiosques et en ligne sur&#8230;<\/p>\n<p><a href=\"https:\/\/news.abidjan.net\/titrologie\/39-lintelligent-dabidjan\/articles\" target=\"_blank\">https:\/\/news.abidjan.net\/titrologie\/39-lintelligent-dabidjan\/articles<\/a><\/p>\n<p>\u00c0 lire aussi Haro sur la rage qui fait 637 morts par an en C\u00f4te d&#8217;Ivoire , Des phrases fortes \u00e0 San Pedro dans le District du Bas-Sassandra<\/p>\n<p>pour saluer le bilan de Ouattara, une analyse sur l&#8217;inscription sur la liste \u00e9lectorale, des r\u00e9v\u00e9lations d&#8217;Adjoumani sur les millards aux producteurs lors des Journ\u00e9es nationales du chocolat et cacao, Beugr\u00e9 Mamb\u00e9, Aka Aouel\u00e9 et Fama Tour\u00e9 rassurent lors du Forum Invest in Sud-Como\u00e9 et des b\u00e9n\u00e9ficiaires du Gu\u00e9mon et Mamadou Tour\u00e9 t\u00e9moignent du<\/p>\n<p>financement de projets jeunes, PsGouv .<\/p>\n<p>Cliquez pour les d\u00e9tails<\/p>\n<p><a href=\"https:\/\/www.pressecotedivoire.ci\/titrologie\" target=\"_blank\">https:\/\/www.pressecotedivoire.ci\/titrologie<\/a><\/p>\n<p>\u00c0 voir \u00e9galement le Projet P\u00f4le Agro-industriel du Centre au niveau de l&#8217;agro-industrie en C\u00f4te d\u2019Ivoire.<\/p>\n<p><a href=\"https:\/\/www.afrikipresse.fr\/abonnement\" target=\"_blank\">https:\/\/www.afrikipresse.fr\/abonnement<\/a><\/p>\n","protected":false},"excerpt":{"rendered":"<p>Le d\u00e9guerpissement \u00e0 visage humain est une r\u00e9alit\u00e9 avec le ministre, gouverneur Ciss\u00e9 Ibrahima Bacongo conform\u00e9ment \u00e0 la vision et aux orientations du chef de l\u2019\u00c9tat, telles que d\u00e9clin\u00e9es par le Premier ministre. C\u2019est ce qui est en train de se passer \u00e0 Adjam\u00e9 aussi bien au niveau de la Grande Mosqu\u00e9e qu\u2019\u00e0 l&#8217;\u00e9gard d\u2019un [&hellip;]<\/p>\n","protected":false},"author":4,"featured_media":35197,"comment_status":"closed","ping_status":"closed","sticky":false,"template":"","format":"standard","meta":{"_monsterinsights_skip_tracking":false,"_monsterinsights_sitenote_active":false,"_monsterinsights_sitenote_note":"","_monsterinsights_sitenote_category":0,"footnotes":""},"categories":[2,3],"tags":[],"class_list":["post-35196","post","type-post","status-publish","format-standard","has-post-thumbnail","hentry","category-featured","category-societe"],"_links":{"self":[{"href":"https:\/\/www.lintelligentdabidjan.info\/news\/wp-json\/wp\/v2\/posts\/35196","targetHints":{"allow":["GET"]}}],"collection":[{"href":"https:\/\/www.lintelligentdabidjan.info\/news\/wp-json\/wp\/v2\/posts"}],"about":[{"href":"https:\/\/www.lintelligentdabidjan.info\/news\/wp-json\/wp\/v2\/types\/post"}],"author":[{"embeddable":true,"href":"https:\/\/www.lintelligentdabidjan.info\/news\/wp-json\/wp\/v2\/users\/4"}],"replies":[{"embeddable":true,"href":"https:\/\/www.lintelligentdabidjan.info\/news\/wp-json\/wp\/v2\/comments?post=35196"}],"version-history":[{"count":1,"href":"https:\/\/www.lintelligentdabidjan.info\/news\/wp-json\/wp\/v2\/posts\/35196\/revisions"}],"predecessor-version":[{"id":35198,"href":"https:\/\/www.lintelligentdabidjan.info\/news\/wp-json\/wp\/v2\/posts\/35196\/revisions\/35198"}],"wp:featuredmedia":[{"embeddable":true,"href":"https:\/\/www.lintelligentdabidjan.info\/news\/wp-json\/wp\/v2\/media\/35197"}],"wp:attachment":[{"href":"https:\/\/www.lintelligentdabidjan.info\/news\/wp-json\/wp\/v2\/media?parent=35196"}],"wp:term":[{"taxonomy":"category","embeddable":true,"href":"https:\/\/www.lintelligentdabidjan.info\/news\/wp-json\/wp\/v2\/categories?post=35196"},{"taxonomy":"post_tag","embeddable":true,"href":"https:\/\/www.lintelligentdabidjan.info\/news\/wp-json\/wp\/v2\/tags?post=35196"}],"curies":[{"name":"wp","href":"https:\/\/api.w.org\/{rel}","templated":true}]}}