{"id":35202,"date":"2024-10-01T03:00:05","date_gmt":"2024-10-01T01:00:05","guid":{"rendered":"https:\/\/www.lintelligentdabidjan.info\/news\/?p=35202"},"modified":"2024-10-01T03:00:12","modified_gmt":"2024-10-01T01:00:12","slug":"bouake-650-stagiaires-volontaires-prets-a-linsertion-professionnelle","status":"publish","type":"post","link":"https:\/\/www.lintelligentdabidjan.info\/news\/bouake-650-stagiaires-volontaires-prets-a-linsertion-professionnelle\/","title":{"rendered":"Bouak\u00e9- 650 stagiaires volontaires pr\u00eats \u00e0 l&#8217;insertion professionnelle"},"content":{"rendered":"<p><em><strong>Dans le cadre du programme Jeunesse du Gouvernement, le minist\u00e8re de la Promotion de la Jeunesse, de l&#8217;Insertion Professionnelle et du Service Civique, \u00e0 travers l&#8217;Office du Service Civique National, a proc\u00e9d\u00e9 le samedi 28 septembre 2024 \u00e0 la remise des attestations de 650 stagiaires volontaires issus des centres de services civiques de Bouak\u00e9 1 et Tuo Fozi\u00e9. <\/strong><\/em><\/p>\n<p>La c\u00e9r\u00e9monie de fin de formation s&#8217;est tenue sur l&#8217;esplanade du centre Tuo Fozi\u00e9. Cet \u00e9v\u00e9nement constitue une \u00e9tape   essentielle   pour ces jeunes qui s&#8217;appr\u00eatent \u00e0 int\u00e9grer le march\u00e9 du travail et \u00e0 entamer leur parcours d&#8217;insertion socioprofessionnelle, forts des comp\u00e9tences acquises durant six mois de formation intensive. Lors de cette c\u00e9r\u00e9monie, Vani\u00e9 Bi Trazi\u00e9 Jean-Fran\u00e7ois, secr\u00e9taire g\u00e9n\u00e9ral de la pr\u00e9fecture de Bouak\u00e9 et repr\u00e9sentant du ministre Mamadou Tour\u00e9, a encourag\u00e9 les stagiaires \u00e0 devenir des mod\u00e8les pour la soci\u00e9t\u00e9.<\/p>\n<p><strong>Message aux stagiaires volontaires <\/strong><\/p>\n<p>\u00ab Conservez ces acquis. D\u00e9sormais, dans votre vie quotidienne, vous devez continuer \u00e0 cultiver ces valeurs fondamentales qui valorisent notre soci\u00e9t\u00e9. Vous avez le devoir d&#8217;\u00eatre des exemples de discipline, de ponctualit\u00e9 et de rigueur, et d&#8217;\u00eatre pr\u00eats \u00e0 vous engager partout o\u00f9 vous serez. En int\u00e9grant le centre de services civiques, vous avez fait le choix de croire aux vertus du travail et de l&#8217;abn\u00e9gation. Vous devez devenir des mod\u00e8les de r\u00e9ussite et encourager vos pairs \u00e0 fr\u00e9quenter les centres de services civiques sans pr\u00e9jug\u00e9s ni h\u00e9sitations \u00bb, a-t-il d\u00e9clar\u00e9. Durant six mois, les stagiaires volontaires ont \u00e9t\u00e9 form\u00e9s dans divers m\u00e9tiers, notamment dans le secteur du b\u00e2timent et des travaux publics, la construction m\u00e9tallique, la couture, la m\u00e9canique auto-moto, la s\u00e9curit\u00e9, l&#8217;esth\u00e9tique-coiffure, la cuisine-p\u00e2tisserie, l&#8217;agriculture et l&#8217;\u00e9levage. Kacou Alice Chimelle, porte-parole des stagiaires, a exprim\u00e9 au nom de ses camarades sa gratitude envers le minist\u00e8re et les encadreurs pour les valeurs inculqu\u00e9es durant cette formation. \u00ab Apr\u00e8s six mois de formation, nous avons \u00e9t\u00e9 positivement transform\u00e9s. Nous avons abandonn\u00e9 nos vices et adopt\u00e9 des valeurs telles que la discipline, la probit\u00e9 et l&#8217;assiduit\u00e9. Nous avons \u00e9galement appris des m\u00e9tiers pour subvenir \u00e0 nos besoins. Nous rentrons chez nous la t\u00eate haute, gr\u00e2ce \u00e0 cette nouvelle chance offerte par M. Mamadou Tour\u00e9, \u00e0 qui nous disons infiniment merci \u00bb, s&#8217;est-elle r\u00e9jouie.<\/p>\n<p>Pr\u00e9sent \u00e0 cette occasion, Silu\u00e9 Pegabila, 3e adjoint au maire de Bouak\u00e9 et repr\u00e9sentant du premier magistrat Amadou Kon\u00e9, a affirm\u00e9 l&#8217;engagement de la mairie \u00e0 accompagner ces jeunes dans leur parcours d&#8217;insertion.<\/p>\n<p><strong>Nambac\u00e9r\u00e9 Jo\u00ebl <\/strong><\/p>\n","protected":false},"excerpt":{"rendered":"<p>Dans le cadre du programme Jeunesse du Gouvernement, le minist\u00e8re de la Promotion de la Jeunesse, de l&#8217;Insertion Professionnelle et du Service Civique, \u00e0 travers l&#8217;Office du Service Civique National, a proc\u00e9d\u00e9 le samedi 28 septembre 2024 \u00e0 la remise des attestations de 650 stagiaires volontaires issus des centres de services civiques de Bouak\u00e9 1 [&hellip;]<\/p>\n","protected":false},"author":4,"featured_media":35203,"comment_status":"closed","ping_status":"closed","sticky":false,"template":"","format":"standard","meta":{"_monsterinsights_skip_tracking":false,"_monsterinsights_sitenote_active":false,"_monsterinsights_sitenote_note":"","_monsterinsights_sitenote_category":0,"footnotes":""},"categories":[2,3],"tags":[],"class_list":["post-35202","post","type-post","status-publish","format-standard","has-post-thumbnail","hentry","category-featured","category-societe"],"_links":{"self":[{"href":"https:\/\/www.lintelligentdabidjan.info\/news\/wp-json\/wp\/v2\/posts\/35202","targetHints":{"allow":["GET"]}}],"collection":[{"href":"https:\/\/www.lintelligentdabidjan.info\/news\/wp-json\/wp\/v2\/posts"}],"about":[{"href":"https:\/\/www.lintelligentdabidjan.info\/news\/wp-json\/wp\/v2\/types\/post"}],"author":[{"embeddable":true,"href":"https:\/\/www.lintelligentdabidjan.info\/news\/wp-json\/wp\/v2\/users\/4"}],"replies":[{"embeddable":true,"href":"https:\/\/www.lintelligentdabidjan.info\/news\/wp-json\/wp\/v2\/comments?post=35202"}],"version-history":[{"count":1,"href":"https:\/\/www.lintelligentdabidjan.info\/news\/wp-json\/wp\/v2\/posts\/35202\/revisions"}],"predecessor-version":[{"id":35204,"href":"https:\/\/www.lintelligentdabidjan.info\/news\/wp-json\/wp\/v2\/posts\/35202\/revisions\/35204"}],"wp:featuredmedia":[{"embeddable":true,"href":"https:\/\/www.lintelligentdabidjan.info\/news\/wp-json\/wp\/v2\/media\/35203"}],"wp:attachment":[{"href":"https:\/\/www.lintelligentdabidjan.info\/news\/wp-json\/wp\/v2\/media?parent=35202"}],"wp:term":[{"taxonomy":"category","embeddable":true,"href":"https:\/\/www.lintelligentdabidjan.info\/news\/wp-json\/wp\/v2\/categories?post=35202"},{"taxonomy":"post_tag","embeddable":true,"href":"https:\/\/www.lintelligentdabidjan.info\/news\/wp-json\/wp\/v2\/tags?post=35202"}],"curies":[{"name":"wp","href":"https:\/\/api.w.org\/{rel}","templated":true}]}}