{"id":35208,"date":"2024-10-01T03:06:39","date_gmt":"2024-10-01T01:06:39","guid":{"rendered":"https:\/\/www.lintelligentdabidjan.info\/news\/?p=35208"},"modified":"2024-10-01T03:06:39","modified_gmt":"2024-10-01T01:06:39","slug":"filiere-cafe-cacao-la-centrale-syndicale-agricole-lance-un-plaidoyer-au-gouvernement-ivoirien-et-a-lue","status":"publish","type":"post","link":"https:\/\/www.lintelligentdabidjan.info\/news\/filiere-cafe-cacao-la-centrale-syndicale-agricole-lance-un-plaidoyer-au-gouvernement-ivoirien-et-a-lue\/","title":{"rendered":"Fili\u00e8re Caf\u00e9 &#8211; Cacao &#8211;    La centrale syndicale Agricole lance un plaidoyer au gouvernement ivoirien et \u00e0 l&#8217;Ue"},"content":{"rendered":"<p><em><strong>La Centrale Syndicale Agricole de C\u00f4te d&#8217;Ivoire a tenu une conf\u00e9rence de presse le vendredi 27 septembre 2024 \u00e0 Abidjan-Cocody, au cours de laquelle elle a demand\u00e9 \u00e0 l&#8217;Union europ\u00e9enne et aux industriels du chocolat de reporter d&#8217;un an la mise en application du r\u00e8glement europ\u00e9en contre la d\u00e9forestation et la d\u00e9gradation des for\u00eats (RDUE). <\/strong><\/em><\/p>\n<p>Elle a \u00e9galement appel\u00e9 \u00e0 l&#8217;ouverture de n\u00e9gociations avec le gouvernement ivoirien, le Conseil Caf\u00e9-Cacao et les syndicats agricoles. Des th\u00e9matiques importantes pour l&#8217;avenir de la fili\u00e8re cacao en Afrique de l&#8217;Ouest ont \u00e9t\u00e9 soulev\u00e9es, notamment le prix bord-champ du cacao au Cameroun, la protection des for\u00eats class\u00e9es, ainsi que les nouvelles exigences r\u00e9glementaires pesant sur les producteurs.&#8221;<\/p>\n<p><strong>|Prix bord champ Cameroun|<\/strong><\/p>\n<p>Selon Seydou Ki\u00e9br\u00e9, pr\u00e9sident de la Centrale Syndicale Agricole de C\u00f4te d&#8217;Ivoire <\/p>\n<p>,  qui a effectu\u00e9 un voyage \u00e0 Douala,   du 19 au 25 septembre 2024, le prix bord-champ au Cameroun est   en constante \u00e9volution et influenc\u00e9 par divers facteurs \u00e9conomiques. Il a \u00e9galement pr\u00e9cis\u00e9 qu&#8217;en C\u00f4te d&#8217;Ivoire, le syst\u00e8me choisi est celui de la stabilisation. Pour lui, malgr\u00e9 la lib\u00e9ralisation du secteur au Cameroun, les producteurs camerounais n&#8217;ont pas les m\u00eames avantages qu&#8217;en C\u00f4te d&#8217;Ivoire, o\u00f9 l&#8217;\u00c9tat a mis en place des centres d&#8217;excellence pour le traitement post-r\u00e9colte.&#8221;<\/p>\n<p>\u00ab Nous remarquons que nous n\u2019avons pas le m\u00eame syst\u00e8me de commercialisation ; d\u2019un c\u00f4t\u00e9 la lib\u00e9ralisation et de l\u2019autre la stabilisation. Les centres d\u2019excellence de traitement post r\u00e9colte cacao, structures dot\u00e9es d\u2019\u00e9quipements de fermentation, de s\u00e9chage et de stockage sp\u00e9cifique avec un itin\u00e9raire de contr\u00f4le strict de la qualit\u00e9 des f\u00e8ves du cacao \u00ab z\u00e9ro d\u00e9faut \u00bb avec un prix minimum. \u00bb a-t-il lanc\u00e9<\/p>\n<p><strong>|D\u00e9guerpissement des for\u00eats class\u00e9es de Bonon\/Protection des for\u00eats et de l\u2019environnement|<\/strong><\/p>\n<p>Thibeaut Yoro, Secr\u00e9taire g\u00e9n\u00e9ral de la Centrale  , a rappel\u00e9 que toutes les th\u00e9matiques li\u00e9es \u00e0 la n\u00e9cessit\u00e9 de prot\u00e9ger la for\u00eat ivoirienne et les esp\u00e8ces en voie de disparition doivent \u00eatre abord\u00e9es avec r\u00e9alisme et sans \u00e9motion. Il a soulign\u00e9 l&#8217;importance de ces mesures pour att\u00e9nuer les effets du changement climatique, qui affectent n\u00e9gativement nos cultures et nos vies.&#8221;<\/p>\n<p>. \u00abOn est tous d\u2019accord sur la n\u00e9cessit\u00e9 des d\u00e9guerpissements dans les for\u00eats class\u00e9es mais quand on parcourt les localit\u00e9s d\u00e9guerpies, il nous est impos\u00e9 de constater la violence avec laquelle les op\u00e9rations se sont d\u00e9roul\u00e9es et comme si cela ne suffisait pas les populations ont \u00e9t\u00e9 victimes de vol, de pillage, d\u2019incendie de domicile avec tout leur contenu par les hommes en treillis commis \u00e0 la t\u00e2che. Aujourd\u2019hui nous devons g\u00e9rer une situation humanitaire avec tous ces \u00e9l\u00e8ves qui ne savent s\u2019ils regagneront les salles de classe, leur famille respective n\u2019ayant plus domicile\u00bb a-t-il dit<\/p>\n<p><strong>|Nouvelles exigences de la Fili\u00e8re Cacao|<\/strong><\/p>\n<p>Sur le dernier point relatif aux nouvelles exigences de la fili\u00e8re Cacao, de nombreuses questions demeurent sur les conditions techniques, organisationnelles et financi\u00e8res de leur mise en conformit\u00e9, selon les conf\u00e9renciers .  <\/p>\n<p>Le Secr\u00e9taire g\u00e9n\u00e9ral de la Centrale de la fili\u00e8re Caf\u00e9-Cacao a indiqu\u00e9 que les r\u00e9glementations ouest-africaines (ARS100) et europ\u00e9ennes (RDUE) visent \u00e0 g\u00e9n\u00e9raliser des pratiques de production de cacao respectueuses de l\u2019environnement. Bien que les objectifs de ces nouvelles r\u00e9glementations soient louables, leurs exigences auront un impact direct sur les coop\u00e9ratives de producteurs de cacao ivoiriens.&#8221;<\/p>\n<p> \u00ab Pour vendre \u00e0 un acheteur exportant ou important dans l\u2019Union europ\u00e9enne, les coop\u00e9ratives devront adopter quatre nouvelles pratiques : la g\u00e9olocalisation, un dispositif de g\u00e9or\u00e9f\u00e9rencement de toutes les parcelles de production de cacao de leurs membres, un syst\u00e8me interne de gestion de l&#8217;information, et la garantie de la l\u00e9galit\u00e9 de la production. Cela inclut la conformit\u00e9 aux lois ivoiriennes, telles que les normes de production durable, la propri\u00e9t\u00e9 fonci\u00e8re, les r\u00e9glementations administratives, la lutte contre le travail des enfants, et le respect du droit du travail&#8221;, a-t-il expliqu\u00e9.<\/p>\n<p><strong>|Mesures urgentes applicables pour un Rdue|<\/strong><\/p>\n<p>Selon l&#8217;op\u00e9ration de Recensement des Producteurs de Caf\u00e9-Cacao et de leurs Vergers (RPCCV), 123 644 producteurs ont \u00e9t\u00e9 recens\u00e9s dans les for\u00eats class\u00e9es, soit 12 % de l\u2019ensemble des producteurs recens\u00e9s, dont 4 % sont des femmes et 96 % des hommes. La superficie totale des parcelles de caf\u00e9 et de cacao g\u00e9olocalis\u00e9es dans les for\u00eats class\u00e9es est de 483 123 hectares, soit 15 % des superficies totales lev\u00e9es, avec 403 751 hectares pour le cacao, 4 037 hectares pour le caf\u00e9, et 75 332 hectares pour le caf\u00e9-cacao.<\/p>\n<p>En outre, 114 351 enfants \u00e2g\u00e9s de 0 \u00e0 17 ans ont \u00e9t\u00e9 enregistr\u00e9s dans les m\u00e9nages des producteurs recens\u00e9s dans les for\u00eats class\u00e9es, repr\u00e9sentant 11,9 % des enfants recens\u00e9s. Parmi eux, 85 032 enfants \u00e2g\u00e9s de 5 \u00e0 17 ans ont \u00e9t\u00e9 identifi\u00e9s, dont 58 132 sont inscrits \u00e0 l\u2019\u00e9cole, ce qui repr\u00e9sente un taux de scolarisation de 68 %.&#8221;<\/p>\n<p><strong>Mamadou Ouattara avec C\u00e9cile Mobio<\/strong><\/p>\n","protected":false},"excerpt":{"rendered":"<p>La Centrale Syndicale Agricole de C\u00f4te d&#8217;Ivoire a tenu une conf\u00e9rence de presse le vendredi 27 septembre 2024 \u00e0 Abidjan-Cocody, au cours de laquelle elle a demand\u00e9 \u00e0 l&#8217;Union europ\u00e9enne et aux industriels du chocolat de reporter d&#8217;un an la mise en application du r\u00e8glement europ\u00e9en contre la d\u00e9forestation et la d\u00e9gradation des for\u00eats (RDUE). [&hellip;]<\/p>\n","protected":false},"author":4,"featured_media":35209,"comment_status":"closed","ping_status":"closed","sticky":false,"template":"","format":"standard","meta":{"_monsterinsights_skip_tracking":false,"_monsterinsights_sitenote_active":false,"_monsterinsights_sitenote_note":"","_monsterinsights_sitenote_category":0,"footnotes":""},"categories":[2,18],"tags":[],"class_list":["post-35208","post","type-post","status-publish","format-standard","has-post-thumbnail","hentry","category-featured","category-economie"],"_links":{"self":[{"href":"https:\/\/www.lintelligentdabidjan.info\/news\/wp-json\/wp\/v2\/posts\/35208","targetHints":{"allow":["GET"]}}],"collection":[{"href":"https:\/\/www.lintelligentdabidjan.info\/news\/wp-json\/wp\/v2\/posts"}],"about":[{"href":"https:\/\/www.lintelligentdabidjan.info\/news\/wp-json\/wp\/v2\/types\/post"}],"author":[{"embeddable":true,"href":"https:\/\/www.lintelligentdabidjan.info\/news\/wp-json\/wp\/v2\/users\/4"}],"replies":[{"embeddable":true,"href":"https:\/\/www.lintelligentdabidjan.info\/news\/wp-json\/wp\/v2\/comments?post=35208"}],"version-history":[{"count":1,"href":"https:\/\/www.lintelligentdabidjan.info\/news\/wp-json\/wp\/v2\/posts\/35208\/revisions"}],"predecessor-version":[{"id":35210,"href":"https:\/\/www.lintelligentdabidjan.info\/news\/wp-json\/wp\/v2\/posts\/35208\/revisions\/35210"}],"wp:featuredmedia":[{"embeddable":true,"href":"https:\/\/www.lintelligentdabidjan.info\/news\/wp-json\/wp\/v2\/media\/35209"}],"wp:attachment":[{"href":"https:\/\/www.lintelligentdabidjan.info\/news\/wp-json\/wp\/v2\/media?parent=35208"}],"wp:term":[{"taxonomy":"category","embeddable":true,"href":"https:\/\/www.lintelligentdabidjan.info\/news\/wp-json\/wp\/v2\/categories?post=35208"},{"taxonomy":"post_tag","embeddable":true,"href":"https:\/\/www.lintelligentdabidjan.info\/news\/wp-json\/wp\/v2\/tags?post=35208"}],"curies":[{"name":"wp","href":"https:\/\/api.w.org\/{rel}","templated":true}]}}