{"id":35220,"date":"2024-10-03T07:21:09","date_gmt":"2024-10-03T05:21:09","guid":{"rendered":"https:\/\/www.lintelligentdabidjan.info\/news\/?p=35220"},"modified":"2024-10-03T07:23:27","modified_gmt":"2024-10-03T05:23:27","slug":"reconversion-des-mentalites-une-caravane-nationale-lancee","status":"publish","type":"post","link":"https:\/\/www.lintelligentdabidjan.info\/news\/reconversion-des-mentalites-une-caravane-nationale-lancee\/","title":{"rendered":"Reconversion des mentalit\u00e9s-   Une caravane nationale  lanc\u00e9e"},"content":{"rendered":"<p><em><strong>La plateforme des leaders pour la reconversion des mentalit\u00e9s en C\u00f4te d\u2019Ivoire a organis\u00e9, le samedi 28 septembre 2024, le lancement de la caravane de sensibilisation \u00e0 la reconversion des mentalit\u00e9s. La c\u00e9r\u00e9monie de lancement a eu lieu au si\u00e8ge de la structure \u00e0 Yopougon non loin de l\u2019institut des aveugles. <\/strong><\/em><\/p>\n<p>Cette caravane se fera dans les radios de proximit\u00e9, les villes et villages de la C\u00f4te d\u2019Ivoire du 1er au 31 octobre 2024 avec pour th\u00e8me central  \u00ab La reconversion des mentalit\u00e9s, le fondement d\u2019un pays en voie de d\u00e9veloppement : cas de la C\u00f4te d\u2019Ivoire \u00bb. \u00ab Dans le cadre de nos activit\u00e9s et cette fois en collaboration avec plus d\u2019une centaine de structures de la soci\u00e9t\u00e9 civile, nous organisons une caravane de sensibilisation \u00e0 la reconversion des mentalit\u00e9s. La reconversion des mentalit\u00e9s est un processus de transformation d\u2019une personne afin qu\u2019elle soit utile et productive pour sa communaut\u00e9. Nous savons combien de fois la politique et les hommes politiques ont traumatis\u00e9 notre pays. Il \u00e9tait important pour nous de faire cette activit\u00e9 de sensibilisation, de conscientisation et d\u2019\u00e9ducation du grand public pour dire qu\u2019une C\u00f4te d\u2019Ivoire de l\u2019esp\u00e9rance, d\u2019espoir, de paix de joie est possible \u00bb,  a indiqu\u00e9 Zoh Gbogbo Bernardin,  pr\u00e9sident de la plateforme des leaders pour la reconversion des mentalit\u00e9s. Environ 120 associations et Ong  prendront  part \u00e0 cette caravane .<\/p>\n<p><strong>Mamadou Ouattara avec G\u00e9rard Batoua a (Sercom)<\/strong><\/p>\n","protected":false},"excerpt":{"rendered":"<p>La plateforme des leaders pour la reconversion des mentalit\u00e9s en C\u00f4te d\u2019Ivoire a organis\u00e9, le samedi 28 septembre 2024, le lancement de la caravane de sensibilisation \u00e0 la reconversion des mentalit\u00e9s. La c\u00e9r\u00e9monie de lancement a eu lieu au si\u00e8ge de la structure \u00e0 Yopougon non loin de l\u2019institut des aveugles. Cette caravane se fera [&hellip;]<\/p>\n","protected":false},"author":4,"featured_media":35223,"comment_status":"closed","ping_status":"closed","sticky":false,"template":"","format":"standard","meta":{"_monsterinsights_skip_tracking":false,"_monsterinsights_sitenote_active":false,"_monsterinsights_sitenote_note":"","_monsterinsights_sitenote_category":0,"footnotes":""},"categories":[2,17],"tags":[4074,4073],"class_list":["post-35220","post","type-post","status-publish","format-standard","has-post-thumbnail","hentry","category-featured","category-politique","tag-caravane-nationale","tag-reconversion-des-mentalites"],"_links":{"self":[{"href":"https:\/\/www.lintelligentdabidjan.info\/news\/wp-json\/wp\/v2\/posts\/35220","targetHints":{"allow":["GET"]}}],"collection":[{"href":"https:\/\/www.lintelligentdabidjan.info\/news\/wp-json\/wp\/v2\/posts"}],"about":[{"href":"https:\/\/www.lintelligentdabidjan.info\/news\/wp-json\/wp\/v2\/types\/post"}],"author":[{"embeddable":true,"href":"https:\/\/www.lintelligentdabidjan.info\/news\/wp-json\/wp\/v2\/users\/4"}],"replies":[{"embeddable":true,"href":"https:\/\/www.lintelligentdabidjan.info\/news\/wp-json\/wp\/v2\/comments?post=35220"}],"version-history":[{"count":1,"href":"https:\/\/www.lintelligentdabidjan.info\/news\/wp-json\/wp\/v2\/posts\/35220\/revisions"}],"predecessor-version":[{"id":35222,"href":"https:\/\/www.lintelligentdabidjan.info\/news\/wp-json\/wp\/v2\/posts\/35220\/revisions\/35222"}],"wp:featuredmedia":[{"embeddable":true,"href":"https:\/\/www.lintelligentdabidjan.info\/news\/wp-json\/wp\/v2\/media\/35223"}],"wp:attachment":[{"href":"https:\/\/www.lintelligentdabidjan.info\/news\/wp-json\/wp\/v2\/media?parent=35220"}],"wp:term":[{"taxonomy":"category","embeddable":true,"href":"https:\/\/www.lintelligentdabidjan.info\/news\/wp-json\/wp\/v2\/categories?post=35220"},{"taxonomy":"post_tag","embeddable":true,"href":"https:\/\/www.lintelligentdabidjan.info\/news\/wp-json\/wp\/v2\/tags?post=35220"}],"curies":[{"name":"wp","href":"https:\/\/api.w.org\/{rel}","templated":true}]}}