{"id":35275,"date":"2024-10-08T04:42:39","date_gmt":"2024-10-08T02:42:39","guid":{"rendered":"https:\/\/www.lintelligentdabidjan.info\/news\/?p=35275"},"modified":"2024-10-08T04:42:42","modified_gmt":"2024-10-08T02:42:42","slug":"application-loi-apv-flegtdans-lagneby-tiassa-laurent-tchagba-interpelle-les-operateurs-du-bois-et-ses-collaborateurs","status":"publish","type":"post","link":"https:\/\/www.lintelligentdabidjan.info\/news\/application-loi-apv-flegtdans-lagneby-tiassa-laurent-tchagba-interpelle-les-operateurs-du-bois-et-ses-collaborateurs\/","title":{"rendered":"Application Loi APV-FLEGTdans l\u2019Agneby Tiassa- Laurent Tchagba interpelle les op\u00e9rateurs du bois et ses collaborateurs"},"content":{"rendered":"<p><em><strong>La gestion durable des ressources foresti\u00e8res de la C\u00f4te d&#8217;Ivoire est une des pr\u00e9occupations majeures de Laurent Tchagba, ministre des Eaux et for\u00eats, qui a conduit   une mission dans la r\u00e9gion de l&#8217;Agn\u00e9by-Tiassa, pr\u00e9cis\u00e9ment \u00e0 Agboville, du samedi 28 au dimanche 29 septembre 2024. <\/strong><\/em><\/p>\n<p>Au cours de cette mission dont l&#8217;objectif est de r\u00e9guler et renforcer la gestion durable des for\u00eats ivoiriennes, Laurent Tchagba, lors d&#8217;une r\u00e9union, le samedi 28 septembre dernier, avec les op\u00e9rateurs de la fili\u00e8re du bois \u00e0 la pr\u00e9fecture d&#8217;Agboville,  leur a demand\u00e9 de se conformer aux exigences l\u00e9gales. Car, pour le patron des Eaux et for\u00eats ivoiriennes, il est n\u00e9cessaire d&#8217;appliquer scrupuleusement les nouvelles normes techniques et juridiques li\u00e9es \u00e0 l&#8217;exploitation, la transformation, l&#8217;importation, l&#8217;exportation et la commercialisation du bois. \u00ab Je vous encourage \u00e0 actualiser vos agr\u00e9ments dans l&#8217;Accord de partenariat volontaire relatif \u00e0 l&#8217;application des r\u00e8glementations foresti\u00e8res \u00e0 la gouvernance et aux \u00e9changes commerciaux (APV-FLEGT) (&#8230;) Ensemble, nous devons conjuguer nos efforts pour atteindre, dans des d\u00e9lais raisonnables, les objectifs sociaux, environnementaux et \u00e9conomiques de l&#8217;APV-FLEGT \u00bb, a fait savoir le ministre des Eaux et for\u00eats ivoirien.<\/p>\n<p>Les acteurs de la fili\u00e8re du bois ont profit\u00e9 de cette aubaine pour exposer leurs diff\u00e9rentes pr\u00e9occupations au ministre. \u00ab Nous faisons face non seulement \u00e0 une multiplicit\u00e9 de contr\u00f4les, \u00e0 des co\u00fbts \u00e9lev\u00e9s de la transformation du bois ainsi que la disponibilit\u00e9 limit\u00e9e de terres pour le reboisement mais aussi \u00e0 un ralentissement de nos activit\u00e9s commerciales. \u00bb a fait savoir Boussou Kouassi Rigobert, le porte-parole des op\u00e9rateurs du secteur du bois. Le ministre des Eaux et for\u00eats, Laurent Tchagba a, au cours d&#8217;une s\u00e9ance de travail dans la soir\u00e9e du samedi 28 septembre dernier, \u00e0 la pr\u00e9fecture d&#8217;Agboville, exhort\u00e9 ses collaborateurs locaux \u00e0 s\u2019engager \u00e0  l&#8217;APV-FLEGT. Rappelons que le ministre, accompagn\u00e9 du corps pr\u00e9fectoral, des membres du conseil r\u00e9gional, des \u00e9lus et des chefs coutumiers de la r\u00e9gion, a effectu\u00e9 des visites de terrain, notamment \u00e0 la Soci\u00e9t\u00e9 internationale de bois de C\u00f4te d\u2019Ivoire (SIB CIV) situ\u00e9 \u00e0 Ery-Makougui\u00e9 1, village de la commune d\u2019Agboville et est all\u00e9 \u00e0 Adaou-village pour visiter le domaine Bini, situ\u00e9 dans la for\u00eat class\u00e9e de Bamo. Et le dimanche 29 septembre, Laurent Tchagba a achev\u00e9 sa visite \u00e0 M\u2019B\u00e9ri\u00e9, un village de la sous-pr\u00e9fecture de Grand Mori\u00e9, o\u00f9 il a pr\u00e9sid\u00e9 les activit\u00e9s socio-culturelles de la mutuelle de d\u00e9veloppement et a proc\u00e9d\u00e9 \u00e0 une op\u00e9ration de planting d\u2019arbres. <\/p>\n<p><strong>Ahou Moay\u00e9 \u00e0 Agboville<\/strong><\/p>\n","protected":false},"excerpt":{"rendered":"<p>La gestion durable des ressources foresti\u00e8res de la C\u00f4te d&#8217;Ivoire est une des pr\u00e9occupations majeures de Laurent Tchagba, ministre des Eaux et for\u00eats, qui a conduit une mission dans la r\u00e9gion de l&#8217;Agn\u00e9by-Tiassa, pr\u00e9cis\u00e9ment \u00e0 Agboville, du samedi 28 au dimanche 29 septembre 2024. Au cours de cette mission dont l&#8217;objectif est de r\u00e9guler et [&hellip;]<\/p>\n","protected":false},"author":4,"featured_media":35276,"comment_status":"closed","ping_status":"closed","sticky":false,"template":"","format":"standard","meta":{"_monsterinsights_skip_tracking":false,"_monsterinsights_sitenote_active":false,"_monsterinsights_sitenote_note":"","_monsterinsights_sitenote_category":0,"footnotes":""},"categories":[2,18],"tags":[4085,74,4084],"class_list":["post-35275","post","type-post","status-publish","format-standard","has-post-thumbnail","hentry","category-featured","category-economie","tag-apv-flegt","tag-loi","tag-operateurs-du-bois"],"_links":{"self":[{"href":"https:\/\/www.lintelligentdabidjan.info\/news\/wp-json\/wp\/v2\/posts\/35275","targetHints":{"allow":["GET"]}}],"collection":[{"href":"https:\/\/www.lintelligentdabidjan.info\/news\/wp-json\/wp\/v2\/posts"}],"about":[{"href":"https:\/\/www.lintelligentdabidjan.info\/news\/wp-json\/wp\/v2\/types\/post"}],"author":[{"embeddable":true,"href":"https:\/\/www.lintelligentdabidjan.info\/news\/wp-json\/wp\/v2\/users\/4"}],"replies":[{"embeddable":true,"href":"https:\/\/www.lintelligentdabidjan.info\/news\/wp-json\/wp\/v2\/comments?post=35275"}],"version-history":[{"count":1,"href":"https:\/\/www.lintelligentdabidjan.info\/news\/wp-json\/wp\/v2\/posts\/35275\/revisions"}],"predecessor-version":[{"id":35277,"href":"https:\/\/www.lintelligentdabidjan.info\/news\/wp-json\/wp\/v2\/posts\/35275\/revisions\/35277"}],"wp:featuredmedia":[{"embeddable":true,"href":"https:\/\/www.lintelligentdabidjan.info\/news\/wp-json\/wp\/v2\/media\/35276"}],"wp:attachment":[{"href":"https:\/\/www.lintelligentdabidjan.info\/news\/wp-json\/wp\/v2\/media?parent=35275"}],"wp:term":[{"taxonomy":"category","embeddable":true,"href":"https:\/\/www.lintelligentdabidjan.info\/news\/wp-json\/wp\/v2\/categories?post=35275"},{"taxonomy":"post_tag","embeddable":true,"href":"https:\/\/www.lintelligentdabidjan.info\/news\/wp-json\/wp\/v2\/tags?post=35275"}],"curies":[{"name":"wp","href":"https:\/\/api.w.org\/{rel}","templated":true}]}}