{"id":35288,"date":"2024-10-09T05:16:58","date_gmt":"2024-10-09T03:16:58","guid":{"rendered":"https:\/\/www.lintelligentdabidjan.info\/news\/?p=35288"},"modified":"2024-10-09T05:17:02","modified_gmt":"2024-10-09T03:17:02","slug":"4e-edition-du-week-end-african-woman-2-0-les-femmes-sensibilisees-sur-le-cancer-du-sein","status":"publish","type":"post","link":"https:\/\/www.lintelligentdabidjan.info\/news\/4e-edition-du-week-end-african-woman-2-0-les-femmes-sensibilisees-sur-le-cancer-du-sein\/","title":{"rendered":"4e \u00e9dition du week-end African woman 2.0 &#8211;    Les femmes sensibilis\u00e9es sur le cancer du sein"},"content":{"rendered":"<p><em><strong>Les femmes ont \u00e9t\u00e9 sensibilis\u00e9es sur le cancer du sein  et les industries cr\u00e9atives et culturelles lors de la 4e \u00e9dition du week-end African woman 2.0.<\/strong><\/em><\/p>\n<p>La 4\u1d49 \u00e9dition du Week-end African Woman 2.0 s&#8217;est ouverte le samedi 5 octobre 2024 \u00e0 Abidjan-Cocody, dans un h\u00f4tel de la place, avec pour invit\u00e9e d&#8217;honneur Samira Bawumia, Deuxi\u00e8me Dame du Ghana. L&#8217;\u00e9v\u00e9nement s&#8217;est d\u00e9roul\u00e9 autour du th\u00e8me central : \u00ab Les Industries Cr\u00e9atives et Culturelles (ICC) \u00bb, avec un accent particulier sur les opportunit\u00e9s et les d\u00e9fis auxquels les femmes africaines sont confront\u00e9es.<\/p>\n<p>La Ministre Fran\u00e7oise Remarck, marraine de l&#8217;\u00e9v\u00e9nement, a exprim\u00e9 sa reconnaissance pour cette initiative \u00e0 travers son repr\u00e9sentant, l&#8217;Inspecteur g\u00e9n\u00e9ral Kouam\u00e9 William Jacob.<\/p>\n<p>L&#8217;\u00e9v\u00e9nement a propos\u00e9 un programme diversifi\u00e9, incluant une vente priv\u00e9e, un d\u00e9fil\u00e9 de mode, des talk-shows et des panels.<\/p>\n<p>Aissata Sidib\u00e9 N&#8217;dia, Directrice d&#8217;Afrique Femme et initiatrice de l&#8217;\u00e9v\u00e9nement, a soulign\u00e9 que son objectif est de cr\u00e9er un cadre d&#8217;\u00e9changes et de partage d&#8217;exp\u00e9riences sur les d\u00e9fis et les opportunit\u00e9s auxquels les femmes font face sur le continent.<\/p>\n<p>\u00ab Lorsqu&#8217; on a d\u00e9but\u00e9 ce projet d\u2019\u00e9mission d\u2019African Woman2.0, on voulait donner de la visibilit\u00e9 \u00e0 des dames qui font des choses en Afrique et leur permettre d\u2019inspirer la jeunesse en cr\u00e9ant un changement de mentalit\u00e9. On voulait leur signifier que le travail, la passion, la discipline et la vision payent. On voulait leur signifier : Qu\u2019on peut grandir en Afrique, faire l\u2019\u00e9cole en Afrique et r\u00e9ussi \u00bb, a-t-elle d\u00e9clar\u00e9.<\/p>\n<p>Pr\u00e8s d&#8217;une centaine de personnalit\u00e9s influentes ont particip\u00e9 \u00e0 cet \u00e9v\u00e9nement, parmi lesquelles Nass\u00e9n\u00e9ba Tour\u00e9, Ministre ivoirienne de la Femme, de la Famille et de l\u2019Enfant, ainsi que Jessica Davis Ba, Ambassadrice des \u00c9tats-Unis en C\u00f4te d\u2019Ivoire.<\/p>\n<p>Plusieurs panels portant sur diff\u00e9rentes th\u00e9matiques ont \u00e9t\u00e9 au coeur de cette activit\u00e9 .<\/p>\n<p> <strong>100 femmes sur 100 000 atteintes du cancer de sein<\/strong><\/p>\n<p>  Lors d\u2019un panel sur le th\u00e8me \u00ab Bien-\u00eatre et pr\u00e9vention du cancer du sein et l&#8217;assurance maladie \u00bb, anim\u00e9 par Mathilde M&#8217;Bouck, m\u00e9decin-cardiologue, celle-ci a soulign\u00e9 que le cancer du sein est le cancer le plus r\u00e9pandu dans le monde. Selon elle, environ 100 femmes sur 100 000  d\u00e9velopperont un cancer du sein \u00e0 un moment de leur vie. Elle a insist\u00e9 sur le fait que cette maladie peut toucher n&#8217;importe quelle femme, d&#8217;o\u00f9 l&#8217;importance d&#8217;encourager le d\u00e9pistage r\u00e9gulier et de lever les tabous qui entourent ce sujet.<\/p>\n<p>\u00ab En termes de statistiques, environ 100 femmes sur 100 000  sont susceptibles de souffrir d&#8217;un cancer du sein au cours de leur vie. La particularit\u00e9 en Afrique est que ce continent affiche le taux de mortalit\u00e9 le plus \u00e9lev\u00e9 en mati\u00e8re de cancer du sein \u00bb, a-t-elle pr\u00e9cis\u00e9.<\/p>\n<p>Elle a \u00e9galement mentionn\u00e9 les divers facteurs de risque associ\u00e9s \u00e0 cette maladie : \u00ab Les facteurs de risque sont vari\u00e9s. Par exemple, une femme de 80 ans a plus de chances de d\u00e9velopper un cancer du sein, avec un risque atteignant 60 % \u00e0 cet \u00e2ge. D&#8217;autres facteurs incluent l&#8217;ob\u00e9sit\u00e9, la prise de certains m\u00e9dicaments, les troubles hormonaux, le mode de vie, ainsi que des facteurs g\u00e9n\u00e9rationnels. C\u2019est pourquoi il est essentiel de se faire d\u00e9pister. Au niveau des assurances, la prise en charge du traitement du cancer du sein reste tr\u00e8s co\u00fbteuse \u00bb, a-t-elle ajout\u00e9.<\/p>\n<p>Anouchka Ondias-Kouam\u00e9, pharmacienne, a t\u00e9moign\u00e9 de son propre combat contre le cancer. Diagnostiqu\u00e9e \u00e0 l&#8217;\u00e2ge de 31 ans, elle a r\u00e9v\u00e9l\u00e9 que c\u2019est gr\u00e2ce \u00e0 la prise de vitamine C (1000 mg) qu\u2019elle a pu surmonter la maladie. Elle a ainsi encourag\u00e9 les femmes \u00e0 inclure la vitamine C dans leur quotidien.<\/p>\n<p>Les participants ont \u00e9t\u00e9 invit\u00e9s \u00e0 s&#8217;engager activement dans la lutte contre le cancer du sein. Cette th\u00e9matique a non seulement sensibilis\u00e9 le public, mais a \u00e9galement renforc\u00e9 l&#8217;id\u00e9e que combattre cette maladie requiert une mobilisation collective.<\/p>\n<p>Le Week-end African Woman 2.0 ne s&#8217;est pas limit\u00e9 \u00e0 la question du cancer du sein. Des ateliers, des expositions et des performances culturelles ont aussi \u00e9t\u00e9 organis\u00e9s, mettant en lumi\u00e8re le talent et la cr\u00e9ativit\u00e9 des artistes africains. Cet \u00e9v\u00e9nement a donc permis de c\u00e9l\u00e9brer la richesse culturelle du continent, tout en abordant des enjeux sociaux et de sant\u00e9 essentiels.<\/p>\n<p> <strong><br \/>\nMamadou Ouattara avec C\u00e9cile Mobio<\/strong><\/p>\n","protected":false},"excerpt":{"rendered":"<p>Les femmes ont \u00e9t\u00e9 sensibilis\u00e9es sur le cancer du sein et les industries cr\u00e9atives et culturelles lors de la 4e \u00e9dition du week-end African woman 2.0. La 4\u1d49 \u00e9dition du Week-end African Woman 2.0 s&#8217;est ouverte le samedi 5 octobre 2024 \u00e0 Abidjan-Cocody, dans un h\u00f4tel de la place, avec pour invit\u00e9e d&#8217;honneur Samira Bawumia, [&hellip;]<\/p>\n","protected":false},"author":4,"featured_media":35289,"comment_status":"closed","ping_status":"closed","sticky":false,"template":"","format":"standard","meta":{"_monsterinsights_skip_tracking":false,"_monsterinsights_sitenote_active":false,"_monsterinsights_sitenote_note":"","_monsterinsights_sitenote_category":0,"footnotes":""},"categories":[2,3],"tags":[4088,4089,1486],"class_list":["post-35288","post","type-post","status-publish","format-standard","has-post-thumbnail","hentry","category-featured","category-societe","tag-4e-edition-du-week-end","tag-african-woman-2-0","tag-cancer-du-sein"],"_links":{"self":[{"href":"https:\/\/www.lintelligentdabidjan.info\/news\/wp-json\/wp\/v2\/posts\/35288","targetHints":{"allow":["GET"]}}],"collection":[{"href":"https:\/\/www.lintelligentdabidjan.info\/news\/wp-json\/wp\/v2\/posts"}],"about":[{"href":"https:\/\/www.lintelligentdabidjan.info\/news\/wp-json\/wp\/v2\/types\/post"}],"author":[{"embeddable":true,"href":"https:\/\/www.lintelligentdabidjan.info\/news\/wp-json\/wp\/v2\/users\/4"}],"replies":[{"embeddable":true,"href":"https:\/\/www.lintelligentdabidjan.info\/news\/wp-json\/wp\/v2\/comments?post=35288"}],"version-history":[{"count":1,"href":"https:\/\/www.lintelligentdabidjan.info\/news\/wp-json\/wp\/v2\/posts\/35288\/revisions"}],"predecessor-version":[{"id":35290,"href":"https:\/\/www.lintelligentdabidjan.info\/news\/wp-json\/wp\/v2\/posts\/35288\/revisions\/35290"}],"wp:featuredmedia":[{"embeddable":true,"href":"https:\/\/www.lintelligentdabidjan.info\/news\/wp-json\/wp\/v2\/media\/35289"}],"wp:attachment":[{"href":"https:\/\/www.lintelligentdabidjan.info\/news\/wp-json\/wp\/v2\/media?parent=35288"}],"wp:term":[{"taxonomy":"category","embeddable":true,"href":"https:\/\/www.lintelligentdabidjan.info\/news\/wp-json\/wp\/v2\/categories?post=35288"},{"taxonomy":"post_tag","embeddable":true,"href":"https:\/\/www.lintelligentdabidjan.info\/news\/wp-json\/wp\/v2\/tags?post=35288"}],"curies":[{"name":"wp","href":"https:\/\/api.w.org\/{rel}","templated":true}]}}