{"id":35294,"date":"2024-10-09T05:24:14","date_gmt":"2024-10-09T03:24:14","guid":{"rendered":"https:\/\/www.lintelligentdabidjan.info\/news\/?p=35294"},"modified":"2024-10-09T05:24:19","modified_gmt":"2024-10-09T03:24:19","slug":"lintelligent-en-pdf-adama-kamara-continue-de-battre-des-records-au-moins-51-de-la-population-ivoirienne-deja-enrolee-a-la-cmu","status":"publish","type":"post","link":"https:\/\/www.lintelligentdabidjan.info\/news\/lintelligent-en-pdf-adama-kamara-continue-de-battre-des-records-au-moins-51-de-la-population-ivoirienne-deja-enrolee-a-la-cmu\/","title":{"rendered":"L\u2019Intelligent en PDF :        Adama Kamara continue de battre des records  Au moins 51% de la population ivoirienne d\u00e9j\u00e0 enr\u00f4l\u00e9e \u00e0 la CMU"},"content":{"rendered":"<p><strong>Depuis quelques jours, l\u2019enr\u00f4lement des populations \u00e0 la Couverture Maladie Universelle (CMU) a franchi un cap historique, avec plus de 50% de la population ivoirienne d\u00e9sormais inscrite. Le minist\u00e8re de l\u2019Emploi et de la Protection Sociale, dirig\u00e9 par Me Adama Kamara, enregistrait le vendredi 4 octobre 2024 pr\u00e8s de 15 millions d\u2019habitants, soit exactement 14 800 000 personnes, d\u00e9sormais b\u00e9n\u00e9ficiaires de la CMU, un projet cher au Pr\u00e9sident de la R\u00e9publique et au gouvernement. <\/strong><\/p>\n<p>La suite de l\u2019article \u00e0 d\u00e9couvrir dans vos kiosques et en ligne sur\u2026<\/p>\n<p><a href=\"https:\/\/news.abidjan.net\/titrologie\/39-lintelligent-dabidjan\/articles\" target=\"_blank\">https:\/\/news.abidjan.net\/titrologie\/39-lintelligent-dabidjan\/articles<\/a><\/p>\n<p>\u00c0 lire aussi l\u2019interview de DIBY Azi L\u00e9opold, le Pr\u00e9sident de l&#8217;Anasemci ,<\/p>\n<p>comment Nanan Dju\u00e9 Eug\u00e8ne et Koua Justin enfoncent la Fesci en parlant de complot, ce que Anne Ouloto a dit suite au sacre des \u00c9l\u00e9phants \u00e0 la 1\u00e8re \u00e9dition du Mara\u2019monde, la d\u00e9claration de Kalil Konat\u00e9 \u00e0 l\u2019occasion de la Journ\u00e9e mondiale de la poste.<\/p>\n<p>Cliquez pour les d\u00e9tails<\/p>\n<p><a href=\"https:\/\/www.afrikipresse.fr\/abonnement\" target=\"_blank\">https:\/\/www.afrikipresse.fr\/abonnement<\/a><\/p>\n<p>\u00c0 voir aussi LU POUR VOUS by CoolBee Ouattara sur \u00ab LA PROMESSE ENT\u00caT\u00c9E DE L\u2019OMBRE \u00bb D\u2019HENRI N\u2019KOUMO || LA SOLITUDE DU POUVOIR et l&#8217;action de Zoro Bi Ballo contre la corruption \u00e9valu\u00e9e par l\u2019UA.<\/p>\n<p><a href=\"https:\/\/www.pressecotedivoire.ci\/titrologie\" target=\"_blank\">https:\/\/www.pressecotedivoire.ci\/titrologie<\/a><\/p>\n","protected":false},"excerpt":{"rendered":"<p>Depuis quelques jours, l\u2019enr\u00f4lement des populations \u00e0 la Couverture Maladie Universelle (CMU) a franchi un cap historique, avec plus de 50% de la population ivoirienne d\u00e9sormais inscrite. Le minist\u00e8re de l\u2019Emploi et de la Protection Sociale, dirig\u00e9 par Me Adama Kamara, enregistrait le vendredi 4 octobre 2024 pr\u00e8s de 15 millions d\u2019habitants, soit exactement 14 [&hellip;]<\/p>\n","protected":false},"author":4,"featured_media":35295,"comment_status":"closed","ping_status":"closed","sticky":false,"template":"","format":"standard","meta":{"_monsterinsights_skip_tracking":false,"_monsterinsights_sitenote_active":false,"_monsterinsights_sitenote_note":"","_monsterinsights_sitenote_category":0,"footnotes":""},"categories":[2,3],"tags":[],"class_list":["post-35294","post","type-post","status-publish","format-standard","has-post-thumbnail","hentry","category-featured","category-societe"],"_links":{"self":[{"href":"https:\/\/www.lintelligentdabidjan.info\/news\/wp-json\/wp\/v2\/posts\/35294","targetHints":{"allow":["GET"]}}],"collection":[{"href":"https:\/\/www.lintelligentdabidjan.info\/news\/wp-json\/wp\/v2\/posts"}],"about":[{"href":"https:\/\/www.lintelligentdabidjan.info\/news\/wp-json\/wp\/v2\/types\/post"}],"author":[{"embeddable":true,"href":"https:\/\/www.lintelligentdabidjan.info\/news\/wp-json\/wp\/v2\/users\/4"}],"replies":[{"embeddable":true,"href":"https:\/\/www.lintelligentdabidjan.info\/news\/wp-json\/wp\/v2\/comments?post=35294"}],"version-history":[{"count":1,"href":"https:\/\/www.lintelligentdabidjan.info\/news\/wp-json\/wp\/v2\/posts\/35294\/revisions"}],"predecessor-version":[{"id":35296,"href":"https:\/\/www.lintelligentdabidjan.info\/news\/wp-json\/wp\/v2\/posts\/35294\/revisions\/35296"}],"wp:featuredmedia":[{"embeddable":true,"href":"https:\/\/www.lintelligentdabidjan.info\/news\/wp-json\/wp\/v2\/media\/35295"}],"wp:attachment":[{"href":"https:\/\/www.lintelligentdabidjan.info\/news\/wp-json\/wp\/v2\/media?parent=35294"}],"wp:term":[{"taxonomy":"category","embeddable":true,"href":"https:\/\/www.lintelligentdabidjan.info\/news\/wp-json\/wp\/v2\/categories?post=35294"},{"taxonomy":"post_tag","embeddable":true,"href":"https:\/\/www.lintelligentdabidjan.info\/news\/wp-json\/wp\/v2\/tags?post=35294"}],"curies":[{"name":"wp","href":"https:\/\/api.w.org\/{rel}","templated":true}]}}