{"id":35297,"date":"2024-10-09T14:29:18","date_gmt":"2024-10-09T12:29:18","guid":{"rendered":"https:\/\/www.lintelligentdabidjan.info\/news\/?p=35297"},"modified":"2024-10-09T14:31:16","modified_gmt":"2024-10-09T12:31:16","slug":"felix-tshisekedi-accuse-de-ralentir-les-negociations-de-paix-entre-la-rdc-et-le-rwanda","status":"publish","type":"post","link":"https:\/\/www.lintelligentdabidjan.info\/news\/felix-tshisekedi-accuse-de-ralentir-les-negociations-de-paix-entre-la-rdc-et-le-rwanda\/","title":{"rendered":"F\u00e9lix Tshisekedi accus\u00e9 de ralentir les n\u00e9gociations de paix entre la RDC et le Rwanda"},"content":{"rendered":"<p><em><strong>Une succession d\u2019\u00e9v\u00e9nements, ainsi que diverses analyses, jettent un doute sur la volont\u00e9 du Pr\u00e9sident congolais d\u2019\u0153uvrer pour une pacification des relations avec le Rwanda.<\/strong><\/em><\/p>\n<p>Depuis sa derni\u00e8re r\u00e9\u00e9lection, F\u00e9lix Tshisekedi admet volontiers que l\u2019apaisement de la tension diplomatique avec le Rwanda voisin est l\u2019une des priorit\u00e9s de son nouveau quinquennat. Le pr\u00e9sident congolais est m\u00eame convaincu que ce dossier est une urgence pour \u00e9viter que ces tensions diplomatiques mutent en conflit arm\u00e9. Sauf que plusieurs intellectuels doutent de la d\u00e9termination du locataire du palais de la Nation \u00e0 vouloir ramener la paix entre Kinshasa et Kigali. <\/p>\n<p>Ces intellectuels mettent pour la plupart du temps en avant l\u2019attitude belliqueuse de F\u00e9lix Tshisekedi, qui a l\u2019art d\u2019envenimer la situation pr\u00e9caire entre les deux pays avec des effets de manche. C\u2019\u00e9tait le cas, pendant la campagne pr\u00e9sidentielle, quand il n\u2019a pas h\u00e9sit\u00e9 \u00e0 comparer le pr\u00e9sident rwandais Paul Kagame \u00e0 Adolf Hitler. \u00ab Je vois mal comment on pourrait arriver \u00e0 une normalisation avec le Rwanda apr\u00e8s ce type de d\u00e9clarations. Il va finir par r\u00e9agir \u00e0 ces menaces, et les pays voisins vont continuer \u00e0 s\u2019impliquer dans la politique congolaise\u00bb, regrette le politologue Bob Kabamba, au micro de TV5 Monde. Des sources concordantes affirment m\u00eame que les Etats-Unis, tr\u00e8s impliqu\u00e9s pour une baisse de tension entre les deux Etats, ont eu beaucoup de mal \u00e0 cacher leur malaise. <\/p>\n<p>\u00c0 Addis Abeba en Ethiopie, la Commission de l\u2019Union africaine craint aussi que l\u2019attitude jusqu\u2019au boutiste du pr\u00e9sident congolais ne sape durablement le travail de m\u00e9diation engag\u00e9 par l\u2019Angola. Si officiellement les n\u00e9gociations se poursuivent, avec une 5\u1d49 r\u00e9union minist\u00e9rielle pr\u00e9vue le 12 octobre 2024, il est difficile de dire qu\u2019elles avancent v\u00e9ritablement. Lors de la r\u00e9union du 14 septembre 2024, un tournant d\u00e9cisif semblait pourtant se profiler avec l\u2019adoption d\u2019un plan conjoint visant \u00e0 neutraliser les Forces d\u00e9mocratiques de lib\u00e9ration du Rwanda (FDLR) et \u00e0 lever les mesures d\u00e9fensives prises par le Rwanda. Ce plan, \u00e9labor\u00e9 par des experts des trois pays concern\u00e9s, dont la R\u00e9publique d\u00e9mocratique du Congo (RDC), avait \u00e9t\u00e9 soutenu par les responsables militaires, y compris le chef du renseignement militaire congolais. Toutefois, selon le chef de la diplomatie rwandaise Olivier Nduhungirehe, \u00e0 la suite d\u2019un myst\u00e9rieux coup de fil, la ministre des affaires \u00e9trang\u00e8res de la RDC s\u2019est soudainement oppos\u00e9e \u00e0 son adoption. Retour \u00e0 la case d\u00e9part.<\/p>\n<p>Une fois encore, un doigt accusateur est point\u00e9 vers F\u00e9lix Tshisekedi. Le pr\u00e9sident congolais, en France dans le cadre du Sommet de la francophonie, n\u2019a pas h\u00e9sit\u00e9 \u00e0 boycotter le huis clos des chefs d\u2019\u00c9tat samedi apr\u00e8s-midi 5 octobre 2024 et n\u2019a pas non plus particip\u00e9 au d\u00e9jeuner offert \u00e0 la mi-journ\u00e9e par Louise Mushikiwabo, la secr\u00e9taire g\u00e9n\u00e9rale de l\u2019OIF. \u00c0 ce rythme, beaucoup voient mal les n\u00e9gociations de paix prosp\u00e9rer\u2026 .\/ <\/p>\n<p><strong>Charles K <\/strong><\/p>\n","protected":false},"excerpt":{"rendered":"<p>Une succession d\u2019\u00e9v\u00e9nements, ainsi que diverses analyses, jettent un doute sur la volont\u00e9 du Pr\u00e9sident congolais d\u2019\u0153uvrer pour une pacification des relations avec le Rwanda. Depuis sa derni\u00e8re r\u00e9\u00e9lection, F\u00e9lix Tshisekedi admet volontiers que l\u2019apaisement de la tension diplomatique avec le Rwanda voisin est l\u2019une des priorit\u00e9s de son nouveau quinquennat. Le pr\u00e9sident congolais est [&hellip;]<\/p>\n","protected":false},"author":4,"featured_media":35298,"comment_status":"closed","ping_status":"closed","sticky":false,"template":"","format":"standard","meta":{"_monsterinsights_skip_tracking":false,"_monsterinsights_sitenote_active":false,"_monsterinsights_sitenote_note":"","_monsterinsights_sitenote_category":0,"footnotes":""},"categories":[2,19],"tags":[4092,3889,655,574,4093],"class_list":["post-35297","post","type-post","status-publish","format-standard","has-post-thumbnail","hentry","category-featured","category-libres-opinions","tag-felix-tshisekedi","tag-negociations","tag-paix","tag-rdc","tag-rwanda"],"_links":{"self":[{"href":"https:\/\/www.lintelligentdabidjan.info\/news\/wp-json\/wp\/v2\/posts\/35297","targetHints":{"allow":["GET"]}}],"collection":[{"href":"https:\/\/www.lintelligentdabidjan.info\/news\/wp-json\/wp\/v2\/posts"}],"about":[{"href":"https:\/\/www.lintelligentdabidjan.info\/news\/wp-json\/wp\/v2\/types\/post"}],"author":[{"embeddable":true,"href":"https:\/\/www.lintelligentdabidjan.info\/news\/wp-json\/wp\/v2\/users\/4"}],"replies":[{"embeddable":true,"href":"https:\/\/www.lintelligentdabidjan.info\/news\/wp-json\/wp\/v2\/comments?post=35297"}],"version-history":[{"count":1,"href":"https:\/\/www.lintelligentdabidjan.info\/news\/wp-json\/wp\/v2\/posts\/35297\/revisions"}],"predecessor-version":[{"id":35299,"href":"https:\/\/www.lintelligentdabidjan.info\/news\/wp-json\/wp\/v2\/posts\/35297\/revisions\/35299"}],"wp:featuredmedia":[{"embeddable":true,"href":"https:\/\/www.lintelligentdabidjan.info\/news\/wp-json\/wp\/v2\/media\/35298"}],"wp:attachment":[{"href":"https:\/\/www.lintelligentdabidjan.info\/news\/wp-json\/wp\/v2\/media?parent=35297"}],"wp:term":[{"taxonomy":"category","embeddable":true,"href":"https:\/\/www.lintelligentdabidjan.info\/news\/wp-json\/wp\/v2\/categories?post=35297"},{"taxonomy":"post_tag","embeddable":true,"href":"https:\/\/www.lintelligentdabidjan.info\/news\/wp-json\/wp\/v2\/tags?post=35297"}],"curies":[{"name":"wp","href":"https:\/\/api.w.org\/{rel}","templated":true}]}}