{"id":35304,"date":"2024-10-10T06:43:56","date_gmt":"2024-10-10T04:43:56","guid":{"rendered":"https:\/\/www.lintelligentdabidjan.info\/news\/?p=35304"},"modified":"2024-10-10T06:43:56","modified_gmt":"2024-10-10T04:43:56","slug":"universite-de-bouake-des-etudiants-partis-de-leurs-chambres-inquiets","status":"publish","type":"post","link":"https:\/\/www.lintelligentdabidjan.info\/news\/universite-de-bouake-des-etudiants-partis-de-leurs-chambres-inquiets\/","title":{"rendered":"Universit\u00e9 de Bouak\u00e9 &#8211;  Des \u00e9tudiants partis de leurs chambres inquiets"},"content":{"rendered":"<p><em><strong>Apr\u00e8s le d\u00e9but de la phase r\u00e9pressive de la lib\u00e9ration des chambres et des sites ill\u00e9galement occup\u00e9s sur le campus de Cocody \u00e0 Abidjan, c&#8217;\u00e9tait, le mercredi 9 octobre, au tour de l&#8217;Universit\u00e9 Alassane Ouattara de Bouak\u00e9 de conna\u00eetre cette op\u00e9ration.<\/strong><\/em><\/p>\n<p>La veille mardi 8 octobre 2024  , \u00e0  quelques heures du lancement de cette op\u00e9ration, le chef de la cit\u00e9 du campus 2B, Tiott\u00e9 Youssouf, avait  adress\u00e9 une note d&#8217;information pour pr\u00e9venir l&#8217;ensemble des \u00e9tudiants r\u00e9sidant dans les diff\u00e9rentes cit\u00e9s universitaires de Bouak\u00e9. Cette annonce a provoqu\u00e9 un exode pr\u00e9cipit\u00e9 de plusieurs \u00e9tudiants ill\u00e9galement log\u00e9s, qui ont d\u00fb d\u00e9m\u00e9nager dans la nuit.<\/p>\n<p>Tout au long de la nuit, certains sites occup\u00e9s ill\u00e9galement sur les cit\u00e9s ont \u00e9t\u00e9 rapidement lib\u00e9r\u00e9s gr\u00e2ce \u00e0 des tricycles. Les valises, matelas, ventilateurs et autres appareils ont trouv\u00e9 une nouvelle destination avant le d\u00e9but de la phase r\u00e9pressive. Le quartier Adjeyaokro, majoritairement anim\u00e9 par des \u00e9tudiants, situ\u00e9 \u00e0 quelques m\u00e8tres de la cit\u00e9 du campus 2, est devenu un endroit incontournable pour ceux qui attendaient une nouvelle solution d&#8217;h\u00e9bergement.<\/p>\n<p>C&#8217;est le cas d&#8217;une \u00e9tudiante en lettres modernes, qui a souhait\u00e9 garder l&#8217;anonymat. R\u00e9sidant avec sa camarade \u00e0 la cit\u00e9 du campus 2, elle a d\u00e9cid\u00e9 de se rendre chez une connaissance dans le quartier Adjeyaokro, en raison de ses conditions de vie qui ne lui permettent pas de louer une petite chambre en ville. &#8220;Je vais rester chez cette camarade en attendant de trouver une meilleure solution. Actuellement, c&#8217;est difficile ; je ne peux pas me permettre un logement avec les prix \u00e9lev\u00e9s \u00e0 Bouak\u00e9,&#8221; nous a-t-elle confi\u00e9 avec tristesse.<\/p>\n<p>&#8220;Il est vraiment difficile pour certains \u00e9tudiants qui n&#8217;ont pas de parents ici et qui ne connaissent pas bien la ville. Nous appelons les autorit\u00e9s \u00e0 nous venir en aide,&#8221; a t- elle demand\u00e9 <\/p>\n<p>Alors que la rentr\u00e9e universitaire a d\u00e9but\u00e9 le mois dernier, les \u00e9tudiants r\u00e9cemment orient\u00e9s dans cette universit\u00e9, qui trouvaient auparavant refuge chez des connaissances en cit\u00e9, devront d\u00e9sormais faire face \u00e0 de nouvelles difficult\u00e9s li\u00e9es \u00e0 la vie universitaire.<\/p>\n<p>Le pouvoir des syndicats \u00e9tudiants, notamment la F\u00e9d\u00e9ration Estudiantine et Scolaire de C\u00f4te d&#8217;Ivoire (FESCI) \u00e0 Abidjan et le Comit\u00e9 des \u00c9l\u00e8ves et \u00c9tudiants de C\u00f4te d&#8217;Ivoire (CEECI) \u00e0 Bouak\u00e9, est d\u00e9sormais sous le contr\u00f4le des autorit\u00e9s, en attendant que la lumi\u00e8re soit faite sur le d\u00e9c\u00e8s de l&#8217;\u00e9tudiant Agui Mars Aubin, surnomm\u00e9 &#8220;g\u00e9n\u00e9ral sorcier&#8221;.<\/p>\n<p><strong>Nambac\u00e9r\u00e9 Jo\u00ebl <\/strong><\/p>\n","protected":false},"excerpt":{"rendered":"<p>Apr\u00e8s le d\u00e9but de la phase r\u00e9pressive de la lib\u00e9ration des chambres et des sites ill\u00e9galement occup\u00e9s sur le campus de Cocody \u00e0 Abidjan, c&#8217;\u00e9tait, le mercredi 9 octobre, au tour de l&#8217;Universit\u00e9 Alassane Ouattara de Bouak\u00e9 de conna\u00eetre cette op\u00e9ration. La veille mardi 8 octobre 2024 , \u00e0 quelques heures du lancement de cette [&hellip;]<\/p>\n","protected":false},"author":4,"featured_media":35305,"comment_status":"closed","ping_status":"closed","sticky":false,"template":"","format":"standard","meta":{"_monsterinsights_skip_tracking":false,"_monsterinsights_sitenote_active":false,"_monsterinsights_sitenote_note":"","_monsterinsights_sitenote_category":0,"footnotes":""},"categories":[2,3],"tags":[4097,598,3249],"class_list":["post-35304","post","type-post","status-publish","format-standard","has-post-thumbnail","hentry","category-featured","category-societe","tag-chambres","tag-etudiants","tag-universite-de-bouake"],"_links":{"self":[{"href":"https:\/\/www.lintelligentdabidjan.info\/news\/wp-json\/wp\/v2\/posts\/35304","targetHints":{"allow":["GET"]}}],"collection":[{"href":"https:\/\/www.lintelligentdabidjan.info\/news\/wp-json\/wp\/v2\/posts"}],"about":[{"href":"https:\/\/www.lintelligentdabidjan.info\/news\/wp-json\/wp\/v2\/types\/post"}],"author":[{"embeddable":true,"href":"https:\/\/www.lintelligentdabidjan.info\/news\/wp-json\/wp\/v2\/users\/4"}],"replies":[{"embeddable":true,"href":"https:\/\/www.lintelligentdabidjan.info\/news\/wp-json\/wp\/v2\/comments?post=35304"}],"version-history":[{"count":1,"href":"https:\/\/www.lintelligentdabidjan.info\/news\/wp-json\/wp\/v2\/posts\/35304\/revisions"}],"predecessor-version":[{"id":35306,"href":"https:\/\/www.lintelligentdabidjan.info\/news\/wp-json\/wp\/v2\/posts\/35304\/revisions\/35306"}],"wp:featuredmedia":[{"embeddable":true,"href":"https:\/\/www.lintelligentdabidjan.info\/news\/wp-json\/wp\/v2\/media\/35305"}],"wp:attachment":[{"href":"https:\/\/www.lintelligentdabidjan.info\/news\/wp-json\/wp\/v2\/media?parent=35304"}],"wp:term":[{"taxonomy":"category","embeddable":true,"href":"https:\/\/www.lintelligentdabidjan.info\/news\/wp-json\/wp\/v2\/categories?post=35304"},{"taxonomy":"post_tag","embeddable":true,"href":"https:\/\/www.lintelligentdabidjan.info\/news\/wp-json\/wp\/v2\/tags?post=35304"}],"curies":[{"name":"wp","href":"https:\/\/api.w.org\/{rel}","templated":true}]}}