{"id":35307,"date":"2024-10-10T06:46:17","date_gmt":"2024-10-10T04:46:17","guid":{"rendered":"https:\/\/www.lintelligentdabidjan.info\/news\/?p=35307"},"modified":"2024-10-10T18:50:54","modified_gmt":"2024-10-10T16:50:54","slug":"education-l-ong-avsi-distribue-des-kits-scolaires-a-6-300-eleves","status":"publish","type":"post","link":"https:\/\/www.lintelligentdabidjan.info\/news\/education-l-ong-avsi-distribue-des-kits-scolaires-a-6-300-eleves\/","title":{"rendered":"\u00c9ducation-  L &#8216;Ong AVSI  distribue  des kits scolaires \u00e0 6 300 \u00e9l\u00e8ves"},"content":{"rendered":"<p><em><strong>Dans le cadre du projet \u00ab Appui \u00e0 une \u00e9ducation de qualit\u00e9 en C\u00f4te d&#8217;Ivoire \u00bb, l&#8217;Ong AVSI a organis\u00e9, le lundi 07 octobre 2024, une c\u00e9r\u00e9monie de remise de kits scolaires aux \u00e9coles primaires publiques Modeste et Azuretti. La c\u00e9r\u00e9monie s&#8217;est tenue \u00e0 l\u2019EPP Modeste, \u00e0 Grand Bassam, en pr\u00e9sence des autorit\u00e9s administratives locales. Ces kits, compos\u00e9s de manuels et de mat\u00e9riel p\u00e9dagogique, visent \u00e0 renforcer les comp\u00e9tences des \u00e9l\u00e8ves en lecture et en math\u00e9matiques tout en am\u00e9liorant leur performance scolaire. Cette initiative b\u00e9n\u00e9ficiera \u00e0 6 300 \u00e9l\u00e8ves dans 20 \u00e9coles s\u00e9lectionn\u00e9es. <\/strong><\/em><\/p>\n<p>D\u00e9velopp\u00e9 en collaboration avec Eni (d&#8217;Ente nazionale idrocarburi), ce projet s&#8217;inscrit dans l&#8217;objectif d&#8217;am\u00e9lioration de la qualit\u00e9 de l&#8217;\u00e9ducation primaire en C\u00f4te d&#8217;Ivoire, notamment dans les \u00e9coles publiques du Sud-Como\u00e9 et de la commune de Port-Bou\u00ebt. Il soutient les efforts du gouvernement pour offrir une \u00e9ducation de qualit\u00e9, inclusive et \u00e9quitable, tout en r\u00e9pondant aux besoins urgents des \u00e9coles souvent confront\u00e9es \u00e0 un manque de ressources p\u00e9dagogiques. Bien que l&#8217;\u00c9tat fournisse des manuels scolaires, ceux-ci ne sont pas toujours disponibles pour un usage \u00e0 domicile, limitant la capacit\u00e9 des \u00e9l\u00e8ves \u00e0 pratiquer et approfondir leurs apprentissages en dehors de la classe. Ce projet cherche \u00e0 rem\u00e9dier \u00e0 cette situation en fournissant des outils suppl\u00e9mentaires pour soutenir les \u00e9l\u00e8ves, tant \u00e0 l&#8217;\u00e9cole qu&#8217;\u00e0 la maison. Kossonou Chantal, sous-pr\u00e9fet de Grand Bassam, a exprim\u00e9 sa gratitude pour cette initiative en d\u00e9clarant :<\/p>\n<p>\u00ab Ce geste rev\u00eat une importance capitale pour l&#8217;\u00e9ducation de nos enfants et le soutien \u00e0 nos enseignants. Il d\u00e9montre une attention sinc\u00e8re port\u00e9e \u00e0 l&#8217;avenir de nos enfants ainsi qu&#8217;\u00e0 l&#8217;am\u00e9lioration des conditions de travail de nos enseignants. \u00bb Le coordonnateur r\u00e9gional d&#8217;AVSI, Cyrille Komguep a pr\u00e9cis\u00e9 que l&#8217;objectif du projet est d&#8217;am\u00e9liorer les comp\u00e9tences des \u00e9l\u00e8ves en fran\u00e7ais et en math\u00e9matiques. \u00ab Dans le cadre de ce partenariat avec ENI, nous avons voulu mettre l&#8217;accent sur l&#8217;am\u00e9lioration des comp\u00e9tences de nos enfants, en particulier dans deux disciplines sp\u00e9cifiques : le fran\u00e7ais et les math\u00e9matiques, afin qu&#8217;ils puissent atteindre un meilleur niveau. Nous avons donc con\u00e7u ce projet int\u00e9gr\u00e9, qui vise non seulement \u00e0 d\u00e9velopper un environnement propice \u00e0 la lecture, mais \u00e9galement \u00e0 faire en sorte que les enfants, o\u00f9 qu&#8217;ils regardent, soient incit\u00e9s \u00e0 lire. Un dispositif incitatif sera mis en place partout. \u00bb, a  ajout\u00e9 Cyrille Komguep. Il a \u00e9galement soulign\u00e9 l&#8217;importance de l&#8217;accompagnement des conseillers p\u00e9dagogiques dans le suivi des enseignants. <\/p>\n<p><strong>Am\u00e9lioration des r\u00e9sultats scolaires<\/strong><\/p>\n<p>Quant \u00e0 Gioseppe Marando, responsable du d\u00e9veloppement durable chez Eni, il a insist\u00e9 sur le fait que l&#8217;objectif principal est l&#8217;am\u00e9lioration des r\u00e9sultats scolaires. Il a indiqu\u00e9 que les projets de ENI ne se limitent pas \u00e0 l&#8217;\u00e9ducation, mais incluent \u00e9galement la sant\u00e9 communautaire. Le directeur de l&#8217;Epp Modeste, Sina Kouakou, a pour sa part, \u00e9gren\u00e9 les efforts d&#8217;AVSI (Association des volontaires pour le service international) et d&#8217;Eni qui incluent la construction de latrines, l&#8217;acc\u00e8s \u00e0 l&#8217;eau, et des formations sur divers sujets, notamment l&#8217;hygi\u00e8ne, la violence bas\u00e9e sur le genre, et les grossesses pr\u00e9coces en milieu scolaire. Kanga Aya Estelle, porte-parole des \u00e9l\u00e8ves de l&#8217;Epp Modeste, a t\u00e9moign\u00e9 au nom des \u00e9l\u00e8ves : \u00ab Depuis trois ans, notre \u00e9cole a b\u00e9n\u00e9fici\u00e9 de la part de l&#8217;Ong AVSI de latrines, d&#8217;un point d&#8217;eau, de mat\u00e9riel d&#8217;entretien et de kits scolaires. Ces dons nous ont permis de rester en bonne sant\u00e9 et de bien travailler. \u00bb<\/p>\n<p>Depuis son lancement en d\u00e9cembre 2022, pour une dur\u00e9e de trois ans, le projet couvre 20 \u00e9coles primaires publiques. Il a d\u00e9j\u00e0 permis la r\u00e9novation compl\u00e8te de huit \u00e9tablissements \u00e0 Port-Bou\u00ebt, la construction de terrains de sport, ainsi que la r\u00e9habilitation de douze autres \u00e9coles dans la commune de Port-Bou\u00ebt et la r\u00e9gion du Sud-Como\u00e9. Des blocs sanitaires et des points d&#8217;eau ont \u00e9t\u00e9 install\u00e9s, et les \u00e9coles ont \u00e9t\u00e9 connect\u00e9es au r\u00e9seau \u00e9lectrique, offrant ainsi des conditions d&#8217;apprentissage plus s\u00fbres et modernes. En outre, toutes les \u00e9coles concern\u00e9es ont \u00e9t\u00e9 \u00e9quip\u00e9es de biblioth\u00e8ques mobiles, de livres, de kits informatiques et de mat\u00e9riel d\u2019hygi\u00e8ne, adapt\u00e9s aux besoins sp\u00e9cifiques des \u00e9l\u00e8ves et des enseignants. Le projet a \u00e9galement impliqu\u00e9 2 000 parents et environ 150 enseignants et conseillers p\u00e9dagogiques \u00e0 travers des activit\u00e9s de sensibilisation et des formations, renfor\u00e7ant ainsi l&#8217;encadrement des enfants. Il est \u00e0 noter que plusieurs autorit\u00e9s administratives locales et coutumi\u00e8res ont pris part \u00e0 cette c\u00e9r\u00e9monie.<br \/>\n<strong><br \/>\nMamadou Ouattara avec L.Abdul<\/strong><\/p>\n","protected":false},"excerpt":{"rendered":"<p>Dans le cadre du projet \u00ab Appui \u00e0 une \u00e9ducation de qualit\u00e9 en C\u00f4te d&#8217;Ivoire \u00bb, l&#8217;Ong AVSI a organis\u00e9, le lundi 07 octobre 2024, une c\u00e9r\u00e9monie de remise de kits scolaires aux \u00e9coles primaires publiques Modeste et Azuretti. La c\u00e9r\u00e9monie s&#8217;est tenue \u00e0 l\u2019EPP Modeste, \u00e0 Grand Bassam, en pr\u00e9sence des autorit\u00e9s administratives locales. [&hellip;]<\/p>\n","protected":false},"author":4,"featured_media":35322,"comment_status":"closed","ping_status":"closed","sticky":false,"template":"","format":"standard","meta":{"_monsterinsights_skip_tracking":false,"_monsterinsights_sitenote_active":false,"_monsterinsights_sitenote_note":"","_monsterinsights_sitenote_category":0,"footnotes":""},"categories":[2,3],"tags":[],"class_list":["post-35307","post","type-post","status-publish","format-standard","has-post-thumbnail","hentry","category-featured","category-societe"],"_links":{"self":[{"href":"https:\/\/www.lintelligentdabidjan.info\/news\/wp-json\/wp\/v2\/posts\/35307","targetHints":{"allow":["GET"]}}],"collection":[{"href":"https:\/\/www.lintelligentdabidjan.info\/news\/wp-json\/wp\/v2\/posts"}],"about":[{"href":"https:\/\/www.lintelligentdabidjan.info\/news\/wp-json\/wp\/v2\/types\/post"}],"author":[{"embeddable":true,"href":"https:\/\/www.lintelligentdabidjan.info\/news\/wp-json\/wp\/v2\/users\/4"}],"replies":[{"embeddable":true,"href":"https:\/\/www.lintelligentdabidjan.info\/news\/wp-json\/wp\/v2\/comments?post=35307"}],"version-history":[{"count":1,"href":"https:\/\/www.lintelligentdabidjan.info\/news\/wp-json\/wp\/v2\/posts\/35307\/revisions"}],"predecessor-version":[{"id":35309,"href":"https:\/\/www.lintelligentdabidjan.info\/news\/wp-json\/wp\/v2\/posts\/35307\/revisions\/35309"}],"wp:featuredmedia":[{"embeddable":true,"href":"https:\/\/www.lintelligentdabidjan.info\/news\/wp-json\/wp\/v2\/media\/35322"}],"wp:attachment":[{"href":"https:\/\/www.lintelligentdabidjan.info\/news\/wp-json\/wp\/v2\/media?parent=35307"}],"wp:term":[{"taxonomy":"category","embeddable":true,"href":"https:\/\/www.lintelligentdabidjan.info\/news\/wp-json\/wp\/v2\/categories?post=35307"},{"taxonomy":"post_tag","embeddable":true,"href":"https:\/\/www.lintelligentdabidjan.info\/news\/wp-json\/wp\/v2\/tags?post=35307"}],"curies":[{"name":"wp","href":"https:\/\/api.w.org\/{rel}","templated":true}]}}