{"id":35313,"date":"2024-10-10T06:53:25","date_gmt":"2024-10-10T04:53:25","guid":{"rendered":"https:\/\/www.lintelligentdabidjan.info\/news\/?p=35313"},"modified":"2024-10-10T06:53:28","modified_gmt":"2024-10-10T04:53:28","slug":"visite-a-lintelligent-dabidjan-ce-que-kajeem-pense-de-la-presidentielle-2025","status":"publish","type":"post","link":"https:\/\/www.lintelligentdabidjan.info\/news\/visite-a-lintelligent-dabidjan-ce-que-kajeem-pense-de-la-presidentielle-2025\/","title":{"rendered":"Visite \u00e0 L\u2019intelligent d\u2019Abidjan-  Ce que Kajeem pense de la pr\u00e9sidentielle 2025"},"content":{"rendered":"<p><em><strong>Kajeem a r\u00e9agi sur la pr\u00e9sidentielle 2025 et sur la suspension des associations estudiantines \u00e0 titre conservatoire.<\/strong><\/em><\/p>\n<p>L&#8217;artiste reggae  Kajeem (Guillaume Konan), \u00e9tait  en  visite dans les locaux de L\u2019Intelligent d\u2019Abidjan, le lundi 7 octobre 2024 pour annoncer son concert le samedi 12 octobre 2024  au Palais de la Culture de Treichville, dans le cadre de ses 30 ans de carri\u00e8re.  Il a profit\u00e9 de l\u2019occasion pour partager ses r\u00e9flexions sur la l\u2019actualit\u00e9 en C\u00f4te d\u2019Ivoire, <\/p>\n<p><strong>[ 2025 et suspension des activit\u00e9s syndicales sur le Campus ] <\/strong><\/p>\n<p>Parlant de l\u2019\u00e9lection pr\u00e9sidentielle de 2025, il a dit aspirer \u00e0 ce que la C\u00f4te d&#8217;Ivoire organise des \u00e9lections pacifiques : \u00ab Ailleurs, on sort des \u00e9lections et la vie continue sans qu&#8217;il y ait des violences, ni de combats. Il faut que nous arrivions \u00e0 faire la m\u00eame chose. Peut-\u00eatre que c&#8217;est parce que chez nous, le pouvoir politique concentre beaucoup de pouvoirs que les \u00e9lections deviennent des batailles acharn\u00e9es. \u00bb Il a \u00e9galement soulign\u00e9 que les partis politiques devraient apprendre \u00e0 faire un bilan apr\u00e8s chaque \u00e9lection, afin d&#8217;analyser ce qui a fonctionn\u00e9 et ce qui n&#8217;a pas march\u00e9, plut\u00f4t que de toujours chercher des responsables externes \u00e0 leurs d\u00e9faites. Kajeem a insist\u00e9 sur l&#8217;importance d&#8217;une autocritique honn\u00eate pour permettre une progression. Concernant la suspension des associations estudiantines \u00e0 titre conservatoire, l\u2019artiste a fait remarquer que, depuis son entr\u00e9e \u00e0 l&#8217;universit\u00e9, il a \u00e9t\u00e9 t\u00e9moin de nombreuses violences au sein de ces organisations, ce qu&#8217;il juge d\u00e9plorable. Toutefois, il estime que suspendre toutes les associations estudiantines, c&#8217;est punir tout le monde, alors que certains ne sont pas impliqu\u00e9s. Le reggaemaker a rappel\u00e9 qu&#8217;en justice, la punition collective n&#8217;existe pas, m\u00eame s\u2019il comprend la volont\u00e9 de l&#8217;\u00c9tat de r\u00e9tablir l&#8217;ordre apr\u00e8s la perte de vies humaines.<\/p>\n<p> \u00c0 ce concert du samedi 12  octobre 2024, seront pr\u00e9sents entre autres  les artistes  Nash, Jahelle Bonee.<\/p>\n<p><strong>Mamadou Ouattara avec G\u00e9rard Batoua<\/strong><\/p>\n","protected":false},"excerpt":{"rendered":"<p>Kajeem a r\u00e9agi sur la pr\u00e9sidentielle 2025 et sur la suspension des associations estudiantines \u00e0 titre conservatoire. L&#8217;artiste reggae Kajeem (Guillaume Konan), \u00e9tait en visite dans les locaux de L\u2019Intelligent d\u2019Abidjan, le lundi 7 octobre 2024 pour annoncer son concert le samedi 12 octobre 2024 au Palais de la Culture de Treichville, dans le cadre [&hellip;]<\/p>\n","protected":false},"author":4,"featured_media":35314,"comment_status":"closed","ping_status":"closed","sticky":false,"template":"","format":"standard","meta":{"_monsterinsights_skip_tracking":false,"_monsterinsights_sitenote_active":false,"_monsterinsights_sitenote_note":"","_monsterinsights_sitenote_category":0,"footnotes":""},"categories":[2,20],"tags":[4099,364,1621],"class_list":["post-35313","post","type-post","status-publish","format-standard","has-post-thumbnail","hentry","category-featured","category-art-et-culture","tag-kajeem","tag-lintelligent-dabidjan","tag-presidentielle-2025"],"_links":{"self":[{"href":"https:\/\/www.lintelligentdabidjan.info\/news\/wp-json\/wp\/v2\/posts\/35313","targetHints":{"allow":["GET"]}}],"collection":[{"href":"https:\/\/www.lintelligentdabidjan.info\/news\/wp-json\/wp\/v2\/posts"}],"about":[{"href":"https:\/\/www.lintelligentdabidjan.info\/news\/wp-json\/wp\/v2\/types\/post"}],"author":[{"embeddable":true,"href":"https:\/\/www.lintelligentdabidjan.info\/news\/wp-json\/wp\/v2\/users\/4"}],"replies":[{"embeddable":true,"href":"https:\/\/www.lintelligentdabidjan.info\/news\/wp-json\/wp\/v2\/comments?post=35313"}],"version-history":[{"count":1,"href":"https:\/\/www.lintelligentdabidjan.info\/news\/wp-json\/wp\/v2\/posts\/35313\/revisions"}],"predecessor-version":[{"id":35315,"href":"https:\/\/www.lintelligentdabidjan.info\/news\/wp-json\/wp\/v2\/posts\/35313\/revisions\/35315"}],"wp:featuredmedia":[{"embeddable":true,"href":"https:\/\/www.lintelligentdabidjan.info\/news\/wp-json\/wp\/v2\/media\/35314"}],"wp:attachment":[{"href":"https:\/\/www.lintelligentdabidjan.info\/news\/wp-json\/wp\/v2\/media?parent=35313"}],"wp:term":[{"taxonomy":"category","embeddable":true,"href":"https:\/\/www.lintelligentdabidjan.info\/news\/wp-json\/wp\/v2\/categories?post=35313"},{"taxonomy":"post_tag","embeddable":true,"href":"https:\/\/www.lintelligentdabidjan.info\/news\/wp-json\/wp\/v2\/tags?post=35313"}],"curies":[{"name":"wp","href":"https:\/\/api.w.org\/{rel}","templated":true}]}}