{"id":35353,"date":"2024-10-14T01:27:37","date_gmt":"2024-10-13T23:27:37","guid":{"rendered":"https:\/\/www.lintelligentdabidjan.info\/news\/?p=35353"},"modified":"2024-10-17T18:44:16","modified_gmt":"2024-10-17T16:44:16","slug":"education-mariatou-kone-inaugure-quatre-colleges-de-proximite-dans-le-gbeke","status":"publish","type":"post","link":"https:\/\/www.lintelligentdabidjan.info\/news\/education-mariatou-kone-inaugure-quatre-colleges-de-proximite-dans-le-gbeke\/","title":{"rendered":"\u00c9ducation-   Mariatou Kon\u00e9 inaugure quatre coll\u00e8ges de proximit\u00e9 dans le Gb\u00eak\u00ea"},"content":{"rendered":"<p><em><strong>Le partenariat entre l&#8217;\u00c9tat de C\u00f4te d&#8217;Ivoire et l&#8217;ambassade des \u00c9tats-Unis, \u00e0 travers le Programme Compact, a permis, le jeudi 10 octobre 2024, l&#8217;inauguration de quatre coll\u00e8ges de proximit\u00e9 dans la r\u00e9gion de Gb\u00eak\u00ea, sur un total de 28 \u00e9tablissements pr\u00e9vus dans cette r\u00e9gion. Ce projet, en cours de r\u00e9alisation, est soutenu par les efforts de le Millenium Challenge Account C\u00f4te d\u2019Ivoire (MCA-C\u00f4te d\u2019Ivoire).<\/strong><\/em><\/p>\n<p>La c\u00e9r\u00e9monie officielle s&#8217;est tenue au coll\u00e8ge de proximit\u00e9 de Ti\u00e9pl\u00e9, situ\u00e9 \u00e0 une dizaine de kilom\u00e8tres de la sous-pr\u00e9fecture de Bouak\u00e9, en pr\u00e9sence de nombreuses personnalit\u00e9s, dont la ministre de l&#8217;\u00c9ducation nationale et de l&#8217;Alphab\u00e9tisation, le professeur Mariatou Kon\u00e9, le ministre de l&#8217;Environnement Jacques Assahor\u00e9 Konan, le pr\u00e9sident du Conseil r\u00e9gional de Gb\u00eak\u00ea, le ministre, gouverneur du district autonome de la Vall\u00e9e du Bandama Jean-Claude Kouassi, ainsi que l&#8217;ambassadrice des \u00c9tats-Unis en C\u00f4te d&#8217;Ivoire, Jessica Davis Ba.<\/p>\n<p>Le professeur Mariatou Kon\u00e9 a soulign\u00e9 que cette initiative s&#8217;inscrit dans le cadre des r\u00e9formes \u00e9ducatives mises en place apr\u00e8s les \u00c9tats g\u00e9n\u00e9raux de l&#8217;\u00c9ducation nationale et de l&#8217;Alphab\u00e9tisation (EGENA). Ces r\u00e9formes visent \u00e0 rapprocher l&#8217;\u00e9cole des populations et \u00e0 am\u00e9liorer la qualit\u00e9 de l&#8217;enseignement. &#8220;L&#8217;\u00e9ducation est d\u00e9sormais au c\u0153ur des priorit\u00e9s du gouvernement&#8221;, a-t-elle affirm\u00e9. Elle a \u00e9galement exprim\u00e9 sa gratitude envers le gouvernement am\u00e9ricain pour la r\u00e9alisation de ces infrastructures, qui repr\u00e9sentent une v\u00e9ritable fiert\u00e9 pour la C\u00f4te d&#8217;Ivoire. Selon elle, &#8220;C&#8217;est un instrument de formation du capital humain de notre pays&#8221;.<\/p>\n<p>Le ministre Assahor\u00e9 Konan Jacques,  pr\u00e9sident du Conseil r\u00e9gional du Gb\u00eak\u00ea, a d&#8217;abord remerci\u00e9 le pr\u00e9sident de la R\u00e9publique, affirmant que ces \u00e9tablissements incarnent bien plus que de simples murs et salles de classe. \u00ab Ce coll\u00e8ge repr\u00e9sente l&#8217;avenir de notre jeunesse, notre engagement en faveur d&#8217;une \u00e9ducation de qualit\u00e9 et notre volont\u00e9 de b\u00e2tir des bases solides pour le d\u00e9veloppement de notre r\u00e9gion. Gr\u00e2ce \u00e0 cet \u00e9tablissement, nos jeunes auront d\u00e9sormais acc\u00e8s \u00e0 un enseignement de qualit\u00e9, \u00e0 des infrastructures modernes et \u00e0 des opportunit\u00e9s d&#8217;apprentissage qui les aideront \u00e0 r\u00e9aliser pleinement leur potentiel. De plus, la proximit\u00e9 de cet \u00e9tablissement avec le milieu familial est une opportunit\u00e9 qui permettra d&#8217;\u00e9viter les probl\u00e8mes d&#8217;abandon scolaire et les grossesses adolescentes, deux pr\u00e9occupations majeures qui impactent n\u00e9gativement la performance scolaire de nos enfants \u00bb, a-t-il d\u00e9clar\u00e9.<\/p>\n<p>L&#8217;ambassadrice des \u00c9tats-Unis en C\u00f4te d&#8217;Ivoire, Jessica Davis Ba, a r\u00e9affirm\u00e9 l&#8217;engagement du peuple am\u00e9ricain \u00e0 investir dans l&#8217;avenir. \u00ab Ensemble, nous b\u00e2tissons un total de 40 coll\u00e8ges de proximit\u00e9, dont 28 pour la r\u00e9gion de Gb\u00eak\u00ea et 12 \u00e0 San Pedro. Les coll\u00e8ges de proximit\u00e9 ne sont pas seulement des b\u00e2timents, ils symbolisent notre espoir pour la jeunesse ivoirienne \u00bb, a-t-elle pr\u00e9cis\u00e9.<\/p>\n<p>Les quatre coll\u00e8ges inaugur\u00e9s sont situ\u00e9s \u00e0 Mamini (Brobo), Sinz\u00e9kro (Diabo), Krofoinsou (Botro) et Ti\u00e9pl\u00e9 (Bouak\u00e9). Ce sont les premiers \u00e0 ouvrir leurs portes dans la r\u00e9gion de Gb\u00eak\u00ea, sur un total de neuf d\u00e9j\u00e0 livr\u00e9s. Les coll\u00e8ges de Ti\u00e9pl\u00e9 et Mamini, construits sur la base 4, disposent de 16 salles de classe pour une capacit\u00e9 d&#8217;accueil de 640 \u00e9l\u00e8ves, tandis que ceux de Krofoinsou et Sinz\u00e9kro, construits sur la base 2, comprennent huit salles de classe pour une capacit\u00e9 de 320 \u00e9l\u00e8ves. Chaque coll\u00e8ge est \u00e9quip\u00e9 d\u2019une salle informatique, d\u2019une biblioth\u00e8que, de vestiaires, de toilettes s\u00e9par\u00e9es, d\u2019un espace d\u00e9di\u00e9 aux filles appel\u00e9 \u00ab Girls Room \u00bb, et d\u2019autres installations. Le \u00ab Girls Room \u00bb est un espace \u00e9quip\u00e9 de kits d\u2019hygi\u00e8ne pour aider les jeunes filles \u00e0 g\u00e9rer leur cycle menstruel, leur permettant ainsi de poursuivre leur scolarit\u00e9 sans interruption. Le co\u00fbt global de ce projet s&#8217;\u00e9l\u00e8ve \u00e0 113 milliards de francs CFA et concerne San Pedro et Bouak\u00e9.<\/p>\n<p><strong><br \/>\nNambac\u00e9r\u00e9 Jo\u00ebl <\/strong><\/p>\n","protected":false},"excerpt":{"rendered":"<p>Le partenariat entre l&#8217;\u00c9tat de C\u00f4te d&#8217;Ivoire et l&#8217;ambassade des \u00c9tats-Unis, \u00e0 travers le Programme Compact, a permis, le jeudi 10 octobre 2024, l&#8217;inauguration de quatre coll\u00e8ges de proximit\u00e9 dans la r\u00e9gion de Gb\u00eak\u00ea, sur un total de 28 \u00e9tablissements pr\u00e9vus dans cette r\u00e9gion. Ce projet, en cours de r\u00e9alisation, est soutenu par les efforts [&hellip;]<\/p>\n","protected":false},"author":4,"featured_media":35354,"comment_status":"closed","ping_status":"closed","sticky":false,"template":"","format":"standard","meta":{"_monsterinsights_skip_tracking":false,"_monsterinsights_sitenote_active":false,"_monsterinsights_sitenote_note":"","_monsterinsights_sitenote_category":0,"footnotes":""},"categories":[2,3],"tags":[2605,1200,338,376],"class_list":["post-35353","post","type-post","status-publish","format-standard","has-post-thumbnail","hentry","category-featured","category-societe","tag-colleges","tag-education","tag-gbeke","tag-mariatou-kone"],"_links":{"self":[{"href":"https:\/\/www.lintelligentdabidjan.info\/news\/wp-json\/wp\/v2\/posts\/35353","targetHints":{"allow":["GET"]}}],"collection":[{"href":"https:\/\/www.lintelligentdabidjan.info\/news\/wp-json\/wp\/v2\/posts"}],"about":[{"href":"https:\/\/www.lintelligentdabidjan.info\/news\/wp-json\/wp\/v2\/types\/post"}],"author":[{"embeddable":true,"href":"https:\/\/www.lintelligentdabidjan.info\/news\/wp-json\/wp\/v2\/users\/4"}],"replies":[{"embeddable":true,"href":"https:\/\/www.lintelligentdabidjan.info\/news\/wp-json\/wp\/v2\/comments?post=35353"}],"version-history":[{"count":3,"href":"https:\/\/www.lintelligentdabidjan.info\/news\/wp-json\/wp\/v2\/posts\/35353\/revisions"}],"predecessor-version":[{"id":35413,"href":"https:\/\/www.lintelligentdabidjan.info\/news\/wp-json\/wp\/v2\/posts\/35353\/revisions\/35413"}],"wp:featuredmedia":[{"embeddable":true,"href":"https:\/\/www.lintelligentdabidjan.info\/news\/wp-json\/wp\/v2\/media\/35354"}],"wp:attachment":[{"href":"https:\/\/www.lintelligentdabidjan.info\/news\/wp-json\/wp\/v2\/media?parent=35353"}],"wp:term":[{"taxonomy":"category","embeddable":true,"href":"https:\/\/www.lintelligentdabidjan.info\/news\/wp-json\/wp\/v2\/categories?post=35353"},{"taxonomy":"post_tag","embeddable":true,"href":"https:\/\/www.lintelligentdabidjan.info\/news\/wp-json\/wp\/v2\/tags?post=35353"}],"curies":[{"name":"wp","href":"https:\/\/api.w.org\/{rel}","templated":true}]}}