{"id":35356,"date":"2024-10-14T01:29:21","date_gmt":"2024-10-13T23:29:21","guid":{"rendered":"https:\/\/www.lintelligentdabidjan.info\/news\/?p=35356"},"modified":"2024-10-14T01:29:21","modified_gmt":"2024-10-13T23:29:21","slug":"bouake-u-report-offre-200-kits-scolaires-aux-ecoliers-de-lepp-ballo-nguessan","status":"publish","type":"post","link":"https:\/\/www.lintelligentdabidjan.info\/news\/bouake-u-report-offre-200-kits-scolaires-aux-ecoliers-de-lepp-ballo-nguessan\/","title":{"rendered":"Bouak\u00e9-  U-Report  offre 200 kits scolaires aux \u00e9coliers de l&#8217;EPP Ballo N&#8217;guessan"},"content":{"rendered":"<p><em><strong>Le vendredi 11 octobre 2024, la communaut\u00e9 U-Report Bouak\u00e9 a fait don de 200 kits scolaires aux \u00e9coliers de l&#8217;\u00c9cole Primaire Publique Ballo N&#8217;guessan, dans le but d&#8217;accompagner les \u00e9l\u00e8ves en cette p\u00e9riode de rentr\u00e9e scolaire. Cette activit\u00e9 s&#8217;est d\u00e9roul\u00e9e dans le quartier N&#8217;dakro de Bouak\u00e9, en pr\u00e9sence de plusieurs autorit\u00e9s \u00e9ducatives et de parents d&#8217;\u00e9l\u00e8ves.<\/strong><\/em><\/p>\n<p>L&#8217;initiative, d\u00e9nomm\u00e9e &#8220;U-kit scolaire 2024&#8221;, vise non seulement \u00e0 all\u00e9ger les charges des parents, mais aussi \u00e0 permettre aux enfants d\u00e9favoris\u00e9s de disposer de tout le n\u00e9cessaire pour leur ann\u00e9e scolaire. Selon Diomand\u00e9 Mariam, coordinatrice de U-Report Bouak\u00e9, ces kits repr\u00e9sentent une chance pour les enfants d&#8217;am\u00e9liorer leur apprentissage. <\/p>\n<p>&#8220;Nous savons aujourd&#8217;hui que l&#8217;\u00e9ducation est fondamentale pour s&#8217;\u00e9panouir. C&#8217;est pourquoi nous avons d\u00e9cid\u00e9 de distribuer ces kits scolaires. Ils ne sont pas seulement des fournitures; ils symbolisent notre engagement envers l&#8217;\u00e9ducation et l&#8217;avenir des enfants. En offrant ces kits, nous offrons plus que des crayons et des cahiers. Nous offrons des r\u00eaves, des opportunit\u00e9s et l&#8217;espoir d&#8217;un avenir meilleur&#8221;, a d\u00e9clar\u00e9 Diomand\u00e9 Mariam.<\/p>\n<p>Gninin Yatchi Coulibaly, directrice du projet &#8220;U-kit scolaire&#8221;, a expliqu\u00e9 que le choix de l&#8217;EPP Ballo N&#8217;guessan \u00e9tait particuli\u00e8rement significatif. &#8220;Nos enqu\u00eates ont montr\u00e9 que, bien que tous les enfants n&#8217;aient pas de kits scolaires, leurs r\u00e9sultats \u00e9taient assez significatifs. Il est donc normal de les accompagner pour qu&#8217;ils obtiennent de meilleurs r\u00e9sultats \u00e0 la fin de l&#8217;ann\u00e9e&#8221;, a-t-elle affirm\u00e9.<\/p>\n<p>Elle a \u00e9galement encourag\u00e9 les b\u00e9n\u00e9ficiaires \u00e0 redoubler d&#8217;efforts : &#8220;Nous esp\u00e9rons que tous les enfants passeront en classe sup\u00e9rieure et r\u00e9ussiront leurs examens.&#8221;<\/p>\n<p>Le directeur de l&#8217;\u00e9tablissement, Yao Koffi, a exprim\u00e9 sa gratitude aux donateurs et a soulign\u00e9 le besoin essentiel de ces kits dans son \u00e9cole. &#8220;Nous avions un grand besoin de ces fournitures, car de nombreux parents n&#8217;ont pas les moyens d&#8217;acheter le n\u00e9cessaire pour leurs enfants. Lorsque nous recevons un geste de g\u00e9n\u00e9rosit\u00e9 de cette ampleur, nous ne pouvons que saluer cette initiative, qui permettra aux enfants d&#8217;en b\u00e9n\u00e9ficier&#8221;, s&#8217;est-il r\u00e9joui.<\/p>\n<p>&#8220;Nous ferons de notre mieux pour encadrer les enfants afin que cet acte puisse leur \u00eatre b\u00e9n\u00e9fique et que l&#8217;\u00e9ducation pr\u00f4n\u00e9e par le minist\u00e8re de l&#8217;\u00c9ducation nationale porte ses fruits&#8221;, a-t-il ajout\u00e9.<\/p>\n<p><strong>Nambac\u00e9r\u00e9 Jo\u00ebl <\/strong><\/p>\n","protected":false},"excerpt":{"rendered":"<p>Le vendredi 11 octobre 2024, la communaut\u00e9 U-Report Bouak\u00e9 a fait don de 200 kits scolaires aux \u00e9coliers de l&#8217;\u00c9cole Primaire Publique Ballo N&#8217;guessan, dans le but d&#8217;accompagner les \u00e9l\u00e8ves en cette p\u00e9riode de rentr\u00e9e scolaire. Cette activit\u00e9 s&#8217;est d\u00e9roul\u00e9e dans le quartier N&#8217;dakro de Bouak\u00e9, en pr\u00e9sence de plusieurs autorit\u00e9s \u00e9ducatives et de parents [&hellip;]<\/p>\n","protected":false},"author":4,"featured_media":35357,"comment_status":"closed","ping_status":"closed","sticky":false,"template":"","format":"standard","meta":{"_monsterinsights_skip_tracking":false,"_monsterinsights_sitenote_active":false,"_monsterinsights_sitenote_note":"","_monsterinsights_sitenote_category":0,"footnotes":""},"categories":[2,3],"tags":[],"class_list":["post-35356","post","type-post","status-publish","format-standard","has-post-thumbnail","hentry","category-featured","category-societe"],"_links":{"self":[{"href":"https:\/\/www.lintelligentdabidjan.info\/news\/wp-json\/wp\/v2\/posts\/35356","targetHints":{"allow":["GET"]}}],"collection":[{"href":"https:\/\/www.lintelligentdabidjan.info\/news\/wp-json\/wp\/v2\/posts"}],"about":[{"href":"https:\/\/www.lintelligentdabidjan.info\/news\/wp-json\/wp\/v2\/types\/post"}],"author":[{"embeddable":true,"href":"https:\/\/www.lintelligentdabidjan.info\/news\/wp-json\/wp\/v2\/users\/4"}],"replies":[{"embeddable":true,"href":"https:\/\/www.lintelligentdabidjan.info\/news\/wp-json\/wp\/v2\/comments?post=35356"}],"version-history":[{"count":1,"href":"https:\/\/www.lintelligentdabidjan.info\/news\/wp-json\/wp\/v2\/posts\/35356\/revisions"}],"predecessor-version":[{"id":35358,"href":"https:\/\/www.lintelligentdabidjan.info\/news\/wp-json\/wp\/v2\/posts\/35356\/revisions\/35358"}],"wp:featuredmedia":[{"embeddable":true,"href":"https:\/\/www.lintelligentdabidjan.info\/news\/wp-json\/wp\/v2\/media\/35357"}],"wp:attachment":[{"href":"https:\/\/www.lintelligentdabidjan.info\/news\/wp-json\/wp\/v2\/media?parent=35356"}],"wp:term":[{"taxonomy":"category","embeddable":true,"href":"https:\/\/www.lintelligentdabidjan.info\/news\/wp-json\/wp\/v2\/categories?post=35356"},{"taxonomy":"post_tag","embeddable":true,"href":"https:\/\/www.lintelligentdabidjan.info\/news\/wp-json\/wp\/v2\/tags?post=35356"}],"curies":[{"name":"wp","href":"https:\/\/api.w.org\/{rel}","templated":true}]}}