{"id":35359,"date":"2024-10-14T01:32:25","date_gmt":"2024-10-13T23:32:25","guid":{"rendered":"https:\/\/www.lintelligentdabidjan.info\/news\/?p=35359"},"modified":"2024-10-14T01:32:37","modified_gmt":"2024-10-13T23:32:37","slug":"universite-jean-lorougnon-guede-priere-oecumenique-pour-une-annee-academique-sous-le-signe-de-la-sagesse","status":"publish","type":"post","link":"https:\/\/www.lintelligentdabidjan.info\/news\/universite-jean-lorougnon-guede-priere-oecumenique-pour-une-annee-academique-sous-le-signe-de-la-sagesse\/","title":{"rendered":"Universit\u00e9 Jean Lorougnon Gu\u00e9d\u00e9-  Pri\u00e8re \u0153cum\u00e9nique pour une ann\u00e9e acad\u00e9mique sous le signe de la sagesse"},"content":{"rendered":"<p><em><strong>Le vendredi 11 octobre 2024, l\u2019Universit\u00e9 Jean Lorougnon Gu\u00e9d\u00e9 a marqu\u00e9 le d\u00e9but de l\u2019ann\u00e9e acad\u00e9mique 2024-2025 par une pri\u00e8re \u0153cum\u00e9nique c\u00e9l\u00e9br\u00e9e dans l\u2019amphith\u00e9\u00e2tre Tidou Abiba Sanogo. <\/strong><\/em><\/p>\n<p>Initi\u00e9e par la pr\u00e9sidente de l\u2019universit\u00e9, Pr Adohi Krou Viviane, cette c\u00e9r\u00e9monie vise \u00e0 cr\u00e9er un environnement propice \u00e0 la paix, \u00e0 la coh\u00e9sion sociale et \u00e0 la r\u00e9ussite au sein de la communaut\u00e9 acad\u00e9mique.<\/p>\n<p>Sous le th\u00e8me \u00ab L\u2019intelligence et la sagesse selon Dieu pour le bien-\u00eatre social et \u00e9conomique \u00bb, le Secr\u00e9taire g\u00e9n\u00e9ral de l&#8217;universit\u00e9, Kpol\u00e9 Joseph Longin, repr\u00e9sentant la pr\u00e9sidente de l&#8217;institution acad\u00e9mique, a soulign\u00e9 le r\u00f4le essentiel de cette pri\u00e8re annuelle pour invoquer l&#8217;accompagnement divin dans la gestion de l&#8217;institution.<\/p>\n<p>\u00ab D\u00e8s sa prise de fonction, Madame la Pr\u00e9sidente a souhait\u00e9 instaurer cette pri\u00e8re \u0153cum\u00e9nique \u00e0 chaque rentr\u00e9e acad\u00e9mique, convaincue que la direction d&#8217;une institution d&#8217;une telle envergure n\u00e9cessite le soutien de Dieu. Comme le dit l\u2019\u00c9criture : &#8220;Si l&#8217;\u00c9ternel ne b\u00e2tit la maison, ceux qui la b\u00e2tissent travaillent en vain&#8221;. C\u2019est dans cet esprit que nous prions pour que Dieu nous accorde l&#8217;intelligence et la sagesse n\u00e9cessaires pour gouverner notre universit\u00e9 avec justesse et efficacit\u00e9 \u00bb, a-t-il affirm\u00e9.<\/p>\n<p>Kpol\u00e9 Joseph Longin a \u00e9galement mis en avant le lien entre l&#8217;intelligence et la sagesse, pr\u00e9cisant qu&#8217;elles sont fondamentales non seulement pour une gestion harmonieuse de l&#8217;universit\u00e9, mais aussi pour le d\u00e9veloppement socio-\u00e9conomique de la C\u00f4te d&#8217;Ivoire. <\/p>\n<p>L&#8217;\u00e9v\u00e9nement a \u00e9galement \u00e9t\u00e9 enrichi par les interventions de personnalit\u00e9s religieuses, telles que l&#8217;Imam Abdallah, qui a rappel\u00e9 l&#8217;importance de la b\u00e9n\u00e9diction divine dans la recherche du savoir, et le pasteur Gogoua, qui a soulign\u00e9 la n\u00e9cessit\u00e9 d\u2019un \u00e9quilibre entre intelligence et sagesse. <\/p>\n<p>Ces discours ont r\u00e9affirm\u00e9 l&#8217;engagement de l\u2019Universit\u00e9 Jean Lorougnon Gu\u00e9d\u00e9 \u00e0 cr\u00e9er un environnement propice \u00e0 l&#8217;\u00e9tude, \u00e0 la paix et au d\u00e9veloppement au sein de sa communaut\u00e9.<\/p>\n<p><strong>Beker Yao <\/strong><\/p>\n","protected":false},"excerpt":{"rendered":"<p>Le vendredi 11 octobre 2024, l\u2019Universit\u00e9 Jean Lorougnon Gu\u00e9d\u00e9 a marqu\u00e9 le d\u00e9but de l\u2019ann\u00e9e acad\u00e9mique 2024-2025 par une pri\u00e8re \u0153cum\u00e9nique c\u00e9l\u00e9br\u00e9e dans l\u2019amphith\u00e9\u00e2tre Tidou Abiba Sanogo. Initi\u00e9e par la pr\u00e9sidente de l\u2019universit\u00e9, Pr Adohi Krou Viviane, cette c\u00e9r\u00e9monie vise \u00e0 cr\u00e9er un environnement propice \u00e0 la paix, \u00e0 la coh\u00e9sion sociale et \u00e0 la [&hellip;]<\/p>\n","protected":false},"author":4,"featured_media":35360,"comment_status":"closed","ping_status":"closed","sticky":false,"template":"","format":"standard","meta":{"_monsterinsights_skip_tracking":false,"_monsterinsights_sitenote_active":false,"_monsterinsights_sitenote_note":"","_monsterinsights_sitenote_category":0,"footnotes":""},"categories":[2,3],"tags":[2670,4108],"class_list":["post-35359","post","type-post","status-publish","format-standard","has-post-thumbnail","hentry","category-featured","category-societe","tag-annee-academique","tag-priere-oecumenique"],"_links":{"self":[{"href":"https:\/\/www.lintelligentdabidjan.info\/news\/wp-json\/wp\/v2\/posts\/35359","targetHints":{"allow":["GET"]}}],"collection":[{"href":"https:\/\/www.lintelligentdabidjan.info\/news\/wp-json\/wp\/v2\/posts"}],"about":[{"href":"https:\/\/www.lintelligentdabidjan.info\/news\/wp-json\/wp\/v2\/types\/post"}],"author":[{"embeddable":true,"href":"https:\/\/www.lintelligentdabidjan.info\/news\/wp-json\/wp\/v2\/users\/4"}],"replies":[{"embeddable":true,"href":"https:\/\/www.lintelligentdabidjan.info\/news\/wp-json\/wp\/v2\/comments?post=35359"}],"version-history":[{"count":1,"href":"https:\/\/www.lintelligentdabidjan.info\/news\/wp-json\/wp\/v2\/posts\/35359\/revisions"}],"predecessor-version":[{"id":35361,"href":"https:\/\/www.lintelligentdabidjan.info\/news\/wp-json\/wp\/v2\/posts\/35359\/revisions\/35361"}],"wp:featuredmedia":[{"embeddable":true,"href":"https:\/\/www.lintelligentdabidjan.info\/news\/wp-json\/wp\/v2\/media\/35360"}],"wp:attachment":[{"href":"https:\/\/www.lintelligentdabidjan.info\/news\/wp-json\/wp\/v2\/media?parent=35359"}],"wp:term":[{"taxonomy":"category","embeddable":true,"href":"https:\/\/www.lintelligentdabidjan.info\/news\/wp-json\/wp\/v2\/categories?post=35359"},{"taxonomy":"post_tag","embeddable":true,"href":"https:\/\/www.lintelligentdabidjan.info\/news\/wp-json\/wp\/v2\/tags?post=35359"}],"curies":[{"name":"wp","href":"https:\/\/api.w.org\/{rel}","templated":true}]}}