{"id":35362,"date":"2024-10-14T02:25:11","date_gmt":"2024-10-14T00:25:11","guid":{"rendered":"https:\/\/www.lintelligentdabidjan.info\/news\/?p=35362"},"modified":"2024-10-14T02:25:16","modified_gmt":"2024-10-14T00:25:16","slug":"greve-annoncee-dans-les-secteurs-de-leducation-formation-de-la-protection-sociale-et-de-la-sante-anne-ouloto-interpelle-les-syndicats","status":"publish","type":"post","link":"https:\/\/www.lintelligentdabidjan.info\/news\/greve-annoncee-dans-les-secteurs-de-leducation-formation-de-la-protection-sociale-et-de-la-sante-anne-ouloto-interpelle-les-syndicats\/","title":{"rendered":"Gr\u00e8ve annonc\u00e9e dans les secteurs de  l&#8217;\u00c9ducation-Formation, de la Protection Sociale et de la Sant\u00e9-    Anne Ouloto interpelle les syndicats"},"content":{"rendered":"<p><em><strong>Anne Ouloto interpelle les syndicats des secteurs de l&#8217;\u00c9ducation-Formation, de la Protection Sociale et de la Sant\u00e9 qui annoncent un arr\u00eat de travail de 72h \u00e0 partir du mardi 15 octobre 2024.<\/strong><\/em><\/p>\n<p>Dans un communiqu\u00e9 en date du vendredi 11 octobre 2024, la ministre d\u2019\u00c9tat Anne-D\u00e9sir\u00e9e Ouloto, ministre de la fonction publique et de la modernisation de l\u2019administration, a interpell\u00e9 des syndicats d\u2019agent de la fonction publique dans les secteurs de l&#8217;Education-Formation, de la Protection Sociale et de la Sant\u00e9 qui menacent d\u2019observer un arr\u00eat de travail de 72 heures, sur l\u2019\u00e9tendue du territoire national, \u00e0 compter du mardi 15 octobre 2024. Une gr\u00e8ve qu\u2019elle juge ill\u00e9gale. Ci-dessous, l\u2019int\u00e9gralit\u00e9 du communiqu\u00e9. <\/p>\n<p>\u00ab  Des organisations syndicales des secteurs de l&#8217;Education-Formation, de la Protection Sociale et de la Sant\u00e9 projettent d&#8217;observer un arr\u00eat de travail de 72 heures sur l&#8217;ensemble du territoire national les 15, 16 et 17 octobre 2024, en violation des dispositions de la loi n\u00b092-571 du 11 septembre 1992 fixant les modalit\u00e9s de la gr\u00e8ve dans les services publics. Ces arr\u00eats de travail projet\u00e9s en d\u00e9pit des efforts consentis par le Gouvernement dans le cadre de la mise en \u0153uvre du protocole d&#8217;accord portant tr\u00eave sociale conclu avec les centrales et faiti\u00e8res syndicales sur la p\u00e9riode 2022-2027 et de l&#8217;existence de cadres de dialogue permanents, sont de nature \u00e0 fragiliser le climat de paix sociale. Le Gouvernement qui s&#8217;est r\u00e9solument inscrit dans le nouveau paradigme de dialogue social comme voie de r\u00e9solution et de prise en charge de pr\u00e9occupations des fonctionnaires et agents de l&#8217;Etat d\u00e9nonce et condamne ces pr\u00e9avis de gr\u00e8ve qui constituent une violation du protocole d&#8217;accord portant tr\u00eave sociale. Au moment o\u00f9 tous les organes de dialogue social mis en place retrouvent la pl\u00e9nitude de leur op\u00e9rationnalisation, le Ministre d&#8217;Etat, Ministre de la Fonction Publique et de la Modernisation de l&#8217;Administration invite l&#8217;ensemble de fonctionnaires de ces secteurs \u00e0 se d\u00e9solidariser de ces projets d&#8217;arr\u00eats de travail et \u00e0 assurer la continuit\u00e9 du service public au cours de cette p\u00e9riode conform\u00e9ment \u00e0 leurs obligations statutaires. Le Ministre charg\u00e9 de la Fonction Publique rappelle \u00e0 l&#8217;ensemble de fonctionnaires que le recours \u00e0 la gr\u00e8ve ob\u00e9it \u00e0 une proc\u00e9dure l\u00e9gale dont le non-respect expose les contrevenants \u00e0 des mesures p\u00e9cuniaires et \u00e0 des sanctions disciplinaires, sans pr\u00e9judice, des poursuites p\u00e9nales susceptibles d&#8217;\u00eatre engag\u00e9es contre elles en cas de violences ou de voie de fait\u00bb.<\/p>\n","protected":false},"excerpt":{"rendered":"<p>Anne Ouloto interpelle les syndicats des secteurs de l&#8217;\u00c9ducation-Formation, de la Protection Sociale et de la Sant\u00e9 qui annoncent un arr\u00eat de travail de 72h \u00e0 partir du mardi 15 octobre 2024. Dans un communiqu\u00e9 en date du vendredi 11 octobre 2024, la ministre d\u2019\u00c9tat Anne-D\u00e9sir\u00e9e Ouloto, ministre de la fonction publique et de la [&hellip;]<\/p>\n","protected":false},"author":4,"featured_media":35363,"comment_status":"closed","ping_status":"closed","sticky":false,"template":"","format":"standard","meta":{"_monsterinsights_skip_tracking":false,"_monsterinsights_sitenote_active":false,"_monsterinsights_sitenote_note":"","_monsterinsights_sitenote_category":0,"footnotes":""},"categories":[2,3],"tags":[],"class_list":["post-35362","post","type-post","status-publish","format-standard","has-post-thumbnail","hentry","category-featured","category-societe"],"_links":{"self":[{"href":"https:\/\/www.lintelligentdabidjan.info\/news\/wp-json\/wp\/v2\/posts\/35362","targetHints":{"allow":["GET"]}}],"collection":[{"href":"https:\/\/www.lintelligentdabidjan.info\/news\/wp-json\/wp\/v2\/posts"}],"about":[{"href":"https:\/\/www.lintelligentdabidjan.info\/news\/wp-json\/wp\/v2\/types\/post"}],"author":[{"embeddable":true,"href":"https:\/\/www.lintelligentdabidjan.info\/news\/wp-json\/wp\/v2\/users\/4"}],"replies":[{"embeddable":true,"href":"https:\/\/www.lintelligentdabidjan.info\/news\/wp-json\/wp\/v2\/comments?post=35362"}],"version-history":[{"count":1,"href":"https:\/\/www.lintelligentdabidjan.info\/news\/wp-json\/wp\/v2\/posts\/35362\/revisions"}],"predecessor-version":[{"id":35364,"href":"https:\/\/www.lintelligentdabidjan.info\/news\/wp-json\/wp\/v2\/posts\/35362\/revisions\/35364"}],"wp:featuredmedia":[{"embeddable":true,"href":"https:\/\/www.lintelligentdabidjan.info\/news\/wp-json\/wp\/v2\/media\/35363"}],"wp:attachment":[{"href":"https:\/\/www.lintelligentdabidjan.info\/news\/wp-json\/wp\/v2\/media?parent=35362"}],"wp:term":[{"taxonomy":"category","embeddable":true,"href":"https:\/\/www.lintelligentdabidjan.info\/news\/wp-json\/wp\/v2\/categories?post=35362"},{"taxonomy":"post_tag","embeddable":true,"href":"https:\/\/www.lintelligentdabidjan.info\/news\/wp-json\/wp\/v2\/tags?post=35362"}],"curies":[{"name":"wp","href":"https:\/\/api.w.org\/{rel}","templated":true}]}}