{"id":35368,"date":"2024-10-15T06:17:00","date_gmt":"2024-10-15T04:17:00","guid":{"rendered":"https:\/\/www.lintelligentdabidjan.info\/news\/?p=35368"},"modified":"2024-10-15T06:17:13","modified_gmt":"2024-10-15T04:17:13","slug":"controle-de-la-consommation-delectricite-la-cote-divoire-se-dote-dun-dispositif-daudit-obligatoire","status":"publish","type":"post","link":"https:\/\/www.lintelligentdabidjan.info\/news\/controle-de-la-consommation-delectricite-la-cote-divoire-se-dote-dun-dispositif-daudit-obligatoire\/","title":{"rendered":"Contr\u00f4le de la consommation d&#8217;\u00e9lectricit\u00e9-La C\u00f4te d&#8217;Ivoire se dote d&#8217;un dispositif d&#8217;audit obligatoire"},"content":{"rendered":"<p><em><strong>Le gouvernement ivoirien a \u00e9labor\u00e9 un dispositif d&#8217;audit obligatoire, en vue d&#8217;une optimisation de la consommation d&#8217;\u00e9lectricit\u00e9, selon une note d&#8217;information.<\/strong><\/em><\/p>\n<p>Le ministre des Mines, du P\u00e9trole et de l&#8217;\u00c9nergie \u00e9tait repr\u00e9sent\u00e9 au lancement du dispositif national d&#8217;audit obligatoire, le jeudi 10 octobre 2024 \u00e0 Abidjan, par son directeur de cabinet adjoint, Souleymane Soro.<\/p>\n<p>Au nom du ministre Mamadou Sangafowa Coulibaly, Souleymane Soro a indiqu\u00e9 que la demande int\u00e9rieure d&#8217;\u00e9nergie \u00e9lectrique augmente de 10% par an en C\u00f4te d&#8217;Ivoire. &#8221; Une telle dynamique, impuls\u00e9e par le d\u00e9veloppement des activit\u00e9s \u00e9conomiques et les progr\u00e8s sociaux, cr\u00e9e une r\u00e9elle tension sur l\u2019\u00e9quilibre entre l\u2019offre et la demande d\u2019\u00e9nergie \u00e9lectrique aux heures de pointe notamment, ainsi que sur l\u2019\u00e9quilibre financier du secteur de l\u2019\u00e9lectricit\u00e9. La probl\u00e9matique de la surconsommation de nos ressources en \u00e9nergie primaire, indispensables \u00e0 la production d\u2019\u00e9lectricit\u00e9, se pose in\u00e9vitablement. Avec le risque d\u2019une ins\u00e9curit\u00e9 \u00e9nerg\u00e9tique aux effets d\u00e9vastateurs. Ainsi, en 2019, le Gouvernement a adopt\u00e9 une Politique Sectorielle de D\u00e9veloppement des Energies Renouvelables et de l&#8217;Efficacit\u00e9 Energ\u00e9tique (PSDEREE), dont l\u2019un des objectifs sp\u00e9cifiques est l\u2019optimisation de la consommation de l\u2019\u00e9nergie et la r\u00e9duction des factures d\u2019\u00e9lectricit\u00e9 pour les usagers&#8221;, a expliqu\u00e9 Souleymane Soro.<\/p>\n<p>Pour r\u00e9duire la consommation d&#8217;\u00e9lectricit\u00e9, le gouvernement ivoirien, \u00e0 travers le minist\u00e8re des Mines, du P\u00e9trole et de l&#8217;\u00c9nergie a pris des mesures, dont l\u2019\u00e9tiquetage \u00e9nerg\u00e9tique des lampes \u00e9lectriques, des climatiseurs et des r\u00e9frig\u00e9rateurs, l\u2019audit \u00e9nerg\u00e9tique obligatoire pour les gros consommateurs d\u2019\u00e9nergie. &#8221; J&#8217;exhorte les entreprises assujetties \u00e0 l\u2019audit \u00e9nerg\u00e9tique obligatoire et p\u00e9riodique, \u00e0 prendre les dispositions n\u00e9cessaires pour r\u00e9aliser vos audits \u00e9nerg\u00e9tiques dans les d\u00e9lais impartis. Aux auditeurs \u00e9nerg\u00e9tiques agr\u00e9\u00e9s, je voudrais rappeler que Monsieur le Ministre en charge de l\u2019\u00e9nergie attache du prix au succ\u00e8s du dispositif. \u00c0 cet effet, votre expertise et votre professionnalisme constituent des param\u00e8tres d\u00e9terminants&#8221;, a ajout\u00e9 Souleymane Soro. Le directeur de cabinet adjoint du ministre Mamadou Sangafowa Coulibaly a remerci\u00e9 les Partenaires techniques et financiers impliqu\u00e9s dans cette op\u00e9ration, notamment l&#8217;Union europ\u00e9enne et la GIZ, pour l&#8217;appui constant dont b\u00e9n\u00e9ficie la C\u00f4te d&#8217;Ivoire. Le directeur g\u00e9n\u00e9ral de l&#8217;\u00c9nergie, \u00c9houman Kalifa a salu\u00e9 &#8220;l\u2019aboutissement d\u2019un travail auquel la Direction G\u00e9n\u00e9rale de l\u2019Energie (DGE), avec l\u2019appui de ses partenaires s\u2019est consacr\u00e9e avec ardeur depuis quelques ann\u00e9es, au point de faire de la C\u00f4te d\u2019Ivoire une r\u00e9f\u00e9rence en la mati\u00e8re dans l\u2019espace CEDEAO&#8221;.<\/p>\n<p><strong>Olivier Dion<\/strong><\/p>\n","protected":false},"excerpt":{"rendered":"<p>Le gouvernement ivoirien a \u00e9labor\u00e9 un dispositif d&#8217;audit obligatoire, en vue d&#8217;une optimisation de la consommation d&#8217;\u00e9lectricit\u00e9, selon une note d&#8217;information. Le ministre des Mines, du P\u00e9trole et de l&#8217;\u00c9nergie \u00e9tait repr\u00e9sent\u00e9 au lancement du dispositif national d&#8217;audit obligatoire, le jeudi 10 octobre 2024 \u00e0 Abidjan, par son directeur de cabinet adjoint, Souleymane Soro. Au [&hellip;]<\/p>\n","protected":false},"author":4,"featured_media":35369,"comment_status":"closed","ping_status":"closed","sticky":false,"template":"","format":"standard","meta":{"_monsterinsights_skip_tracking":false,"_monsterinsights_sitenote_active":false,"_monsterinsights_sitenote_note":"","_monsterinsights_sitenote_category":0,"footnotes":""},"categories":[2,18],"tags":[2830,1844,77,259],"class_list":["post-35368","post","type-post","status-publish","format-standard","has-post-thumbnail","hentry","category-featured","category-economie","tag-consommation","tag-controle","tag-cote-divoire","tag-electricite"],"_links":{"self":[{"href":"https:\/\/www.lintelligentdabidjan.info\/news\/wp-json\/wp\/v2\/posts\/35368","targetHints":{"allow":["GET"]}}],"collection":[{"href":"https:\/\/www.lintelligentdabidjan.info\/news\/wp-json\/wp\/v2\/posts"}],"about":[{"href":"https:\/\/www.lintelligentdabidjan.info\/news\/wp-json\/wp\/v2\/types\/post"}],"author":[{"embeddable":true,"href":"https:\/\/www.lintelligentdabidjan.info\/news\/wp-json\/wp\/v2\/users\/4"}],"replies":[{"embeddable":true,"href":"https:\/\/www.lintelligentdabidjan.info\/news\/wp-json\/wp\/v2\/comments?post=35368"}],"version-history":[{"count":1,"href":"https:\/\/www.lintelligentdabidjan.info\/news\/wp-json\/wp\/v2\/posts\/35368\/revisions"}],"predecessor-version":[{"id":35370,"href":"https:\/\/www.lintelligentdabidjan.info\/news\/wp-json\/wp\/v2\/posts\/35368\/revisions\/35370"}],"wp:featuredmedia":[{"embeddable":true,"href":"https:\/\/www.lintelligentdabidjan.info\/news\/wp-json\/wp\/v2\/media\/35369"}],"wp:attachment":[{"href":"https:\/\/www.lintelligentdabidjan.info\/news\/wp-json\/wp\/v2\/media?parent=35368"}],"wp:term":[{"taxonomy":"category","embeddable":true,"href":"https:\/\/www.lintelligentdabidjan.info\/news\/wp-json\/wp\/v2\/categories?post=35368"},{"taxonomy":"post_tag","embeddable":true,"href":"https:\/\/www.lintelligentdabidjan.info\/news\/wp-json\/wp\/v2\/tags?post=35368"}],"curies":[{"name":"wp","href":"https:\/\/api.w.org\/{rel}","templated":true}]}}