{"id":35371,"date":"2024-10-15T06:22:02","date_gmt":"2024-10-15T04:22:02","guid":{"rendered":"https:\/\/www.lintelligentdabidjan.info\/news\/?p=35371"},"modified":"2024-10-15T11:19:32","modified_gmt":"2024-10-15T09:19:32","slug":"phase-2-du-projet-pif-des-structures-et-des-agents-renforcent-leurs-capacites","status":"publish","type":"post","link":"https:\/\/www.lintelligentdabidjan.info\/news\/phase-2-du-projet-pif-des-structures-et-des-agents-renforcent-leurs-capacites\/","title":{"rendered":"Phase 2 du projet Pif-  Des structures et des agents renforcent leurs capacit\u00e9s"},"content":{"rendered":"<p><em><strong>La c\u00e9r\u00e9monie d\u2019ouverture de l\u2019atelier de renforcement des capacit\u00e9s des structures et agences d\u2019ex\u00e9cution de la deuxi\u00e8me phase du Projet d\u2019Investissement Forestier (PIF 2) sur les sauvegardes environnementales et sociales s\u2019est tenue le lundi 14 octobre 2024 au si\u00e8ge de l\u2019Unit\u00e9 de Coordination du PIF 2 \u00e0 Abidjan-Cocody.<\/strong><\/em><\/p>\n<p>\u00c0 cette occasion, la coordinatrice de la deuxi\u00e8me phase du Projet d\u2019Investissement\u00a0 Forestier (Pif 2), Th\u00e9r\u00e8se Koffi Ab\u00e9 a indiqu\u00e9 que cette formation qui se d\u00e9roule sur cinq jours vise \u00e0 renforcer les capacit\u00e9s des points focaux en mati\u00e8re de sauvegardes des structures et agences d\u2019ex\u00e9cution, afin de garantir une meilleure gestion des risques et des effets environnementaux et sociaux dans le cadre de la mise en \u0153uvre des activit\u00e9s du Pif 2. Selon elle, conform\u00e9ment au Plan d\u2019engagement environnemental et social (Pees) du projet et aux dispositions r\u00e9glementaires en mati\u00e8re de gestion environnementale et sociale en C\u00f4te d\u2019Ivoire, la mise en \u0153uvre des activit\u00e9s du Pif 2 doit se faire dans le strict respect des mesures de sauvegarde environnementale et sociale. Elle a pr\u00e9cis\u00e9 qu\u2019en raison des caract\u00e9ristiques, de l\u2019envergure et de la sensibilit\u00e9 de la zone d\u2019intervention du projet, celui-ci a \u00e9t\u00e9 class\u00e9 \u00e0 risque \u00ab \u00e9lev\u00e9 \u00bb selon la classification de la Banque mondiale. \u00ab Mesdames et Messieurs les points focaux, pour vous permettre d\u2019assumer pleinement cette t\u00e2che importante, nous avons convenu de renforcer vos capacit\u00e9s en collaboration avec la Banque mondiale et l\u2019Anade. Nous n\u2019avons pas la pr\u00e9tention de faire de vous des experts, mais nous souhaitons vous donner l\u2019essentiel pour le suivi des activit\u00e9s \u00bb, a-t-elle d\u00e9clar\u00e9.<\/p>\n<p>Par ailleurs, elle a expliqu\u00e9 que cet atelier a plusieurs objectifs dont la pr\u00e9sentation des proc\u00e9dures de gestion environnementale et sociale \u00e0 suivre avant, pendant et apr\u00e8s la r\u00e9alisation des activit\u00e9s pr\u00e9vues dans le cadre du Pif 2. Cette formation abordera \u00e9galement les Normes Environnementales et Sociales (Nes) d\u00e9clench\u00e9es dans le cadre du projet, ainsi que leur application. Un autre point \u00e0 aborder sera le m\u00e9canisme de gestion des plaintes et des violences bas\u00e9es sur le genre. B\u00e9n\u00e9 Lucien Kouam\u00e9, sp\u00e9cialiste en sauvegarde environnementale, a soulign\u00e9 que cette formation permettra d\u2019outiller les parties prenantes sur les mesures de sauvegarde environnementales et sociales pour la mise en \u0153uvre des activit\u00e9s du PIF 2. \u00ab D\u2019un montant total de 148 millions de dollars, ce projet a pour objectif de conserver et d\u2019augmenter le stock forestier tout en am\u00e9liorant l\u2019acc\u00e8s des populations aux sources de revenus issues de la gestion durable des for\u00eats dans ses zones d\u2019intervention. Pour mener \u00e0 bien leurs missions, nous avons d\u00e9cid\u00e9 de renforcer les capacit\u00e9s de nos points focaux dans le domaine de la sauvegarde afin de leur transmettre non seulement notre strat\u00e9gie et notre vision en mati\u00e8re de gestion environnementale et sociale du projet, mais \u00e9galement de leur fournir les outils et les connaissances n\u00e9cessaires pour travailler avec nous, ainsi que leur cahier des charges en mati\u00e8re de gestion du projet \u00bb, a-t-il affirm\u00e9. Il a ajout\u00e9 qu\u2019ils vont revenir sur les diff\u00e9rentes normes, au nombre de 8 sur 10, qui ont \u00e9t\u00e9 d\u00e9clench\u00e9es par la Banque mondiale.<\/p>\n<p><strong><br \/>\nTour\u00e9 Abdoulaye avec A. Traor\u00e9<\/strong><\/p>\n","protected":false},"excerpt":{"rendered":"<p>La c\u00e9r\u00e9monie d\u2019ouverture de l\u2019atelier de renforcement des capacit\u00e9s des structures et agences d\u2019ex\u00e9cution de la deuxi\u00e8me phase du Projet d\u2019Investissement Forestier (PIF 2) sur les sauvegardes environnementales et sociales s\u2019est tenue le lundi 14 octobre 2024 au si\u00e8ge de l\u2019Unit\u00e9 de Coordination du PIF 2 \u00e0 Abidjan-Cocody. \u00c0 cette occasion, la coordinatrice de la [&hellip;]<\/p>\n","protected":false},"author":4,"featured_media":35372,"comment_status":"closed","ping_status":"closed","sticky":false,"template":"","format":"standard","meta":{"_monsterinsights_skip_tracking":false,"_monsterinsights_sitenote_active":false,"_monsterinsights_sitenote_note":"","_monsterinsights_sitenote_category":0,"footnotes":""},"categories":[2,18],"tags":[1799,3689,4110,4111],"class_list":["post-35371","post","type-post","status-publish","format-standard","has-post-thumbnail","hentry","category-featured","category-economie","tag-capacites","tag-phase-2","tag-proje","tag-t-pif"],"_links":{"self":[{"href":"https:\/\/www.lintelligentdabidjan.info\/news\/wp-json\/wp\/v2\/posts\/35371","targetHints":{"allow":["GET"]}}],"collection":[{"href":"https:\/\/www.lintelligentdabidjan.info\/news\/wp-json\/wp\/v2\/posts"}],"about":[{"href":"https:\/\/www.lintelligentdabidjan.info\/news\/wp-json\/wp\/v2\/types\/post"}],"author":[{"embeddable":true,"href":"https:\/\/www.lintelligentdabidjan.info\/news\/wp-json\/wp\/v2\/users\/4"}],"replies":[{"embeddable":true,"href":"https:\/\/www.lintelligentdabidjan.info\/news\/wp-json\/wp\/v2\/comments?post=35371"}],"version-history":[{"count":3,"href":"https:\/\/www.lintelligentdabidjan.info\/news\/wp-json\/wp\/v2\/posts\/35371\/revisions"}],"predecessor-version":[{"id":35382,"href":"https:\/\/www.lintelligentdabidjan.info\/news\/wp-json\/wp\/v2\/posts\/35371\/revisions\/35382"}],"wp:featuredmedia":[{"embeddable":true,"href":"https:\/\/www.lintelligentdabidjan.info\/news\/wp-json\/wp\/v2\/media\/35372"}],"wp:attachment":[{"href":"https:\/\/www.lintelligentdabidjan.info\/news\/wp-json\/wp\/v2\/media?parent=35371"}],"wp:term":[{"taxonomy":"category","embeddable":true,"href":"https:\/\/www.lintelligentdabidjan.info\/news\/wp-json\/wp\/v2\/categories?post=35371"},{"taxonomy":"post_tag","embeddable":true,"href":"https:\/\/www.lintelligentdabidjan.info\/news\/wp-json\/wp\/v2\/tags?post=35371"}],"curies":[{"name":"wp","href":"https:\/\/api.w.org\/{rel}","templated":true}]}}