{"id":35386,"date":"2024-10-16T06:14:46","date_gmt":"2024-10-16T04:14:46","guid":{"rendered":"https:\/\/www.lintelligentdabidjan.info\/news\/?p=35386"},"modified":"2024-10-16T06:15:37","modified_gmt":"2024-10-16T04:15:37","slug":"universite-de-bouake-la-cuaptd-celebre-sa-deuxieme-promotion-des-formations-certifiantes","status":"publish","type":"post","link":"https:\/\/www.lintelligentdabidjan.info\/news\/universite-de-bouake-la-cuaptd-celebre-sa-deuxieme-promotion-des-formations-certifiantes\/","title":{"rendered":"Universit\u00e9 de Bouak\u00e9: La Cuaptd  c\u00e9l\u00e8bre sa deuxi\u00e8me promotion des formations certifiantes"},"content":{"rendered":"<p><em><strong>Ce sont 60 auditeurs qui ont re\u00e7u leurs certificats lors de la c\u00e9r\u00e9monie de graduation de la Chaire Unesco anticipation, prospective et territoires durables (Cuaptd), tenue le samedi 12 octobre 2024 \u00e0 l&#8217;Universit\u00e9 Alassane Ouattara \u00e0 Bouak\u00e9. <\/strong><\/em><\/p>\n<p>Cet \u00e9v\u00e9nement, qui marque la deuxi\u00e8me promotion des formations certifiantes, a rassembl\u00e9 de nombreux acteurs acad\u00e9miques et administratifs pour c\u00e9l\u00e9brer l&#8217;excellence des enseignements dispens\u00e9s.<\/p>\n<p>Les certificats d\u00e9livr\u00e9s couvrent une vaste gamme de th\u00e9matiques essentielles, avec huit sp\u00e9cialit\u00e9s propos\u00e9es cette ann\u00e9e.  Il s&#8217;agit notamment du Certificat en ing\u00e9nierie prospective, du Certificat de comp\u00e9tences en prospective et intelligence territoriale, du Certificat d&#8217;application du cycle programmatique 3PBSE, du Certificat de comp\u00e9tences en \u00e9valuation environnementale, du Certificat de comp\u00e9tences en \u00e9laboration de sch\u00e9mas de d\u00e9veloppement territorial et de plan strat\u00e9gique de d\u00e9veloppement, du Certificat de comp\u00e9tences en prospective, changement climatique et gouvernance durable des territoires, du Certificat d&#8217;aptitude aux fonctions administratives, et du Certificat de comp\u00e9tences en prospective et gestion des projets.<\/p>\n<p>Les formations, d\u2019une dur\u00e9e de trois \u00e0 six mois, se sont d\u00e9roul\u00e9es en grande partie en ligne 70 % et en pr\u00e9sentiel 30 %, offrant ainsi une flexibilit\u00e9 appr\u00e9ciable pour les professionnels.<\/p>\n<p>Le public dipl\u00f4m\u00e9 comprend des m\u00e9decins, des membres du corps pr\u00e9fectoral, des directeurs r\u00e9gionaux, des enseignants et des \u00e9tudiants, tous ayant d\u00e9montr\u00e9 un engagement remarquable durant leur parcours de formation.<\/p>\n<p>Le Professeur Koffi Brou \u00c9mile, directeur de la formation \u00e0 la Chaire, a exprim\u00e9 sa satisfaction face aux r\u00e9ussites de cette promotion, soulignant que les formations r\u00e9pondent aux besoins pressants des territoires. Le Professeur Sylvestre Kouam\u00e9 Kouassi, titulaire de la Chaire, a \u00e9galement f\u00e9licit\u00e9 les auditeurs pour leur d\u00e9termination et a annonc\u00e9 le lancement des inscriptions pour la troisi\u00e8me vague de formations certifiantes ainsi que pour deux licences et masters professionnels.<\/p>\n<p>De plus, des s\u00e9minaires de formation en Prospective Politique seront mis en place pour pr\u00e9parer les acteurs politiques en vue des \u00e9lections pr\u00e9sidentielles de 2025. Le Professeur Kouassi a insist\u00e9 sur le r\u00f4le cl\u00e9 de la Chaire dans la formation de cadres, tant au niveau national qu\u2019international.<\/p>\n<p>Le Professeur Bamba Assouma, repr\u00e9sentant le pr\u00e9sident de l\u2019Universit\u00e9, a r\u00e9affirm\u00e9 le soutien de l\u2019Universit\u00e9 Alassane Ouattara \u00e0 ces initiatives, en soulignant leur importance pour le renforcement des capacit\u00e9s des cadres de l&#8217;administration publique et priv\u00e9e.<\/p>\n<p>Cette deuxi\u00e8me c\u00e9r\u00e9monie de graduation t\u00e9moigne du dynamisme des formations offertes par la Chaire Unesco. Le succ\u00e8s de cette promotion, apr\u00e8s celle de d\u00e9cembre 2023, souligne la pertinence de ces programmes pour accompagner les transformations des territoires ivoiriens et au-del\u00e0.<\/p>\n<p><strong>Beker Yao avec Sercom<\/strong><\/p>\n","protected":false},"excerpt":{"rendered":"<p>Ce sont 60 auditeurs qui ont re\u00e7u leurs certificats lors de la c\u00e9r\u00e9monie de graduation de la Chaire Unesco anticipation, prospective et territoires durables (Cuaptd), tenue le samedi 12 octobre 2024 \u00e0 l&#8217;Universit\u00e9 Alassane Ouattara \u00e0 Bouak\u00e9. Cet \u00e9v\u00e9nement, qui marque la deuxi\u00e8me promotion des formations certifiantes, a rassembl\u00e9 de nombreux acteurs acad\u00e9miques et administratifs [&hellip;]<\/p>\n","protected":false},"author":4,"featured_media":35388,"comment_status":"closed","ping_status":"closed","sticky":false,"template":"","format":"standard","meta":{"_monsterinsights_skip_tracking":false,"_monsterinsights_sitenote_active":false,"_monsterinsights_sitenote_note":"","_monsterinsights_sitenote_category":0,"footnotes":""},"categories":[2,3],"tags":[],"class_list":["post-35386","post","type-post","status-publish","format-standard","has-post-thumbnail","hentry","category-featured","category-societe"],"_links":{"self":[{"href":"https:\/\/www.lintelligentdabidjan.info\/news\/wp-json\/wp\/v2\/posts\/35386","targetHints":{"allow":["GET"]}}],"collection":[{"href":"https:\/\/www.lintelligentdabidjan.info\/news\/wp-json\/wp\/v2\/posts"}],"about":[{"href":"https:\/\/www.lintelligentdabidjan.info\/news\/wp-json\/wp\/v2\/types\/post"}],"author":[{"embeddable":true,"href":"https:\/\/www.lintelligentdabidjan.info\/news\/wp-json\/wp\/v2\/users\/4"}],"replies":[{"embeddable":true,"href":"https:\/\/www.lintelligentdabidjan.info\/news\/wp-json\/wp\/v2\/comments?post=35386"}],"version-history":[{"count":1,"href":"https:\/\/www.lintelligentdabidjan.info\/news\/wp-json\/wp\/v2\/posts\/35386\/revisions"}],"predecessor-version":[{"id":35389,"href":"https:\/\/www.lintelligentdabidjan.info\/news\/wp-json\/wp\/v2\/posts\/35386\/revisions\/35389"}],"wp:featuredmedia":[{"embeddable":true,"href":"https:\/\/www.lintelligentdabidjan.info\/news\/wp-json\/wp\/v2\/media\/35388"}],"wp:attachment":[{"href":"https:\/\/www.lintelligentdabidjan.info\/news\/wp-json\/wp\/v2\/media?parent=35386"}],"wp:term":[{"taxonomy":"category","embeddable":true,"href":"https:\/\/www.lintelligentdabidjan.info\/news\/wp-json\/wp\/v2\/categories?post=35386"},{"taxonomy":"post_tag","embeddable":true,"href":"https:\/\/www.lintelligentdabidjan.info\/news\/wp-json\/wp\/v2\/tags?post=35386"}],"curies":[{"name":"wp","href":"https:\/\/api.w.org\/{rel}","templated":true}]}}