{"id":35400,"date":"2024-10-17T02:48:36","date_gmt":"2024-10-17T00:48:36","guid":{"rendered":"https:\/\/www.lintelligentdabidjan.info\/news\/?p=35400"},"modified":"2024-10-17T02:49:50","modified_gmt":"2024-10-17T00:49:50","slug":"greve-des-enseignants-les-huit-lycees-de-la-ville-de-daloa-sont-fermes","status":"publish","type":"post","link":"https:\/\/www.lintelligentdabidjan.info\/news\/greve-des-enseignants-les-huit-lycees-de-la-ville-de-daloa-sont-fermes\/","title":{"rendered":"Gr\u00e8ve des enseignants &#8211;  Les huit lyc\u00e9es de la ville de Daloa sont ferm\u00e9s"},"content":{"rendered":"<p><em><strong>Depuis 48 heures, Daloa fait face \u00e0 un mouvement de gr\u00e8ve massif qui paralyse les \u00e9tablissements secondaires publics.<\/strong><\/em><\/p>\n<p>Tous les lyc\u00e9es et coll\u00e8ges publics de Daloa ont ferm\u00e9 leurs portes depuis le d\u00e9but du mouvement, a r\u00e9v\u00e9l\u00e9 Ekra Kouassi, responsable syndical de la Coordination des enseignants solidaires du premier et du second degr\u00e9 en C\u00f4te d&#8217;Ivoire, lors d&#8217;une interview accord\u00e9e \u00e0 la presse le mercredi 16 octobre 2024.<\/p>\n<p> \u00ab Les huit lyc\u00e9es de la ville sont ferm\u00e9s, et dans l&#8217;enseignement primaire, le taux de suivi d\u00e9passe 60 % dans certaines localit\u00e9s \u00bb, a-t-il pr\u00e9cis\u00e9.<\/p>\n<p> Selon lui, la principale revendication concerne l&#8217;instauration d&#8217;une prime d&#8217;incitation.<\/p>\n<p> Il a estim\u00e9 que cette prime est essentielle pour compenser les risques sanitaires auxquels les enseignants sont expos\u00e9s quotidiennement, notamment \u00e0 cause de l&#8217;usage de la craie et de la manipulation de documents potentiellement infectieux. \u00ab Nous souffrons de probl\u00e8mes respiratoires et visuels, et nous transportons des copies qui exposent nos familles aux infections. Cette prime nous aiderait \u00e0 att\u00e9nuer ces risques et \u00e0 am\u00e9liorer nos conditions de travail \u00bb, a expliqu\u00e9 Ekra Kouassi.<\/p>\n<p> Malgr\u00e9 des rumeurs \u00e9voquant des menaces envers les enseignants souhaitant poursuivre leurs cours, le syndicaliste a assur\u00e9 que le mouvement se d\u00e9roule dans un climat pacifique. \u00ab Les forces de l&#8217;ordre sont pr\u00e9sentes pour garantir la s\u00e9curit\u00e9 de tous, et aucune pression n&#8217;est exerc\u00e9e sur ceux qui choisissent de ne pas prendre part \u00e0 la gr\u00e8ve \u00bb, a-t-il pr\u00e9cis\u00e9, mentionnant qu&#8217;un enseignant a pu faire cours seul, sans incident, dans un \u00e9tablissement.<\/p>\n<p> Le responsable syndical a \u00e9galement tendu la main \u00e0 la ministre de l&#8217;\u00c9ducation nationale, l&#8217;exhortant \u00e0 reconna\u00eetre l&#8217;importance de cette prime pour l&#8217;am\u00e9lioration du syst\u00e8me \u00e9ducatif en C\u00f4te d&#8217;Ivoire.<\/p>\n<p> <strong>Beker Yao <\/strong><\/p>\n","protected":false},"excerpt":{"rendered":"<p>Depuis 48 heures, Daloa fait face \u00e0 un mouvement de gr\u00e8ve massif qui paralyse les \u00e9tablissements secondaires publics. Tous les lyc\u00e9es et coll\u00e8ges publics de Daloa ont ferm\u00e9 leurs portes depuis le d\u00e9but du mouvement, a r\u00e9v\u00e9l\u00e9 Ekra Kouassi, responsable syndical de la Coordination des enseignants solidaires du premier et du second degr\u00e9 en C\u00f4te [&hellip;]<\/p>\n","protected":false},"author":4,"featured_media":35401,"comment_status":"closed","ping_status":"closed","sticky":false,"template":"","format":"standard","meta":{"_monsterinsights_skip_tracking":false,"_monsterinsights_sitenote_active":false,"_monsterinsights_sitenote_note":"","_monsterinsights_sitenote_category":0,"footnotes":""},"categories":[2,3],"tags":[105,4113,1952],"class_list":["post-35400","post","type-post","status-publish","format-standard","has-post-thumbnail","hentry","category-featured","category-societe","tag-daloa","tag-greve-des-enseignants","tag-lycees"],"_links":{"self":[{"href":"https:\/\/www.lintelligentdabidjan.info\/news\/wp-json\/wp\/v2\/posts\/35400","targetHints":{"allow":["GET"]}}],"collection":[{"href":"https:\/\/www.lintelligentdabidjan.info\/news\/wp-json\/wp\/v2\/posts"}],"about":[{"href":"https:\/\/www.lintelligentdabidjan.info\/news\/wp-json\/wp\/v2\/types\/post"}],"author":[{"embeddable":true,"href":"https:\/\/www.lintelligentdabidjan.info\/news\/wp-json\/wp\/v2\/users\/4"}],"replies":[{"embeddable":true,"href":"https:\/\/www.lintelligentdabidjan.info\/news\/wp-json\/wp\/v2\/comments?post=35400"}],"version-history":[{"count":1,"href":"https:\/\/www.lintelligentdabidjan.info\/news\/wp-json\/wp\/v2\/posts\/35400\/revisions"}],"predecessor-version":[{"id":35402,"href":"https:\/\/www.lintelligentdabidjan.info\/news\/wp-json\/wp\/v2\/posts\/35400\/revisions\/35402"}],"wp:featuredmedia":[{"embeddable":true,"href":"https:\/\/www.lintelligentdabidjan.info\/news\/wp-json\/wp\/v2\/media\/35401"}],"wp:attachment":[{"href":"https:\/\/www.lintelligentdabidjan.info\/news\/wp-json\/wp\/v2\/media?parent=35400"}],"wp:term":[{"taxonomy":"category","embeddable":true,"href":"https:\/\/www.lintelligentdabidjan.info\/news\/wp-json\/wp\/v2\/categories?post=35400"},{"taxonomy":"post_tag","embeddable":true,"href":"https:\/\/www.lintelligentdabidjan.info\/news\/wp-json\/wp\/v2\/tags?post=35400"}],"curies":[{"name":"wp","href":"https:\/\/api.w.org\/{rel}","templated":true}]}}