{"id":35405,"date":"2024-10-17T03:05:08","date_gmt":"2024-10-17T01:05:08","guid":{"rendered":"https:\/\/www.lintelligentdabidjan.info\/news\/?p=35405"},"modified":"2024-10-17T03:05:12","modified_gmt":"2024-10-17T01:05:12","slug":"lintelligent-en-pdf-panels-stands-et-startups-a-ecocir-2024-conseil-des-ministres-hier-comment-leconomie-circulaire-continue-de-susciter-interet","status":"publish","type":"post","link":"https:\/\/www.lintelligentdabidjan.info\/news\/lintelligent-en-pdf-panels-stands-et-startups-a-ecocir-2024-conseil-des-ministres-hier-comment-leconomie-circulaire-continue-de-susciter-interet\/","title":{"rendered":"L&#8217;Intelligent en PDF:    Panels, stands et startups \u00e0 ECOCIR 2024, conseil des ministres hier   Comment l&#8217;\u00e9conomie circulaire continue de susciter int\u00e9r\u00eat"},"content":{"rendered":"<p><strong>La deuxi\u00e8me \u00e9dition du Forum international de l&#8217;\u00e9conomie circulaire d&#8217;Abidjan (ECOCIR), qui a d\u00e9but\u00e9 le 15 octobre 2024, refl\u00e8te l&#8217;int\u00e9r\u00eat croissant pour l&#8217;\u00e9conomie circulaire. L&#8217;effervescence de l&#8217;\u00e9v\u00e9nement, marqu\u00e9e par l&#8217;affluence des visiteurs et la forte participation des startups, d\u00e9montre l&#8217;attrait grandissant de ce mod\u00e8le \u00e9conomique innovant.Comment l&#8217;\u00e9conomie circulaire continue de susciter int\u00e9r\u00eat? <\/strong><\/p>\n<p>Article \u00e0 d\u00e9couvrir en ligne sur&#8230;<\/p>\n<p><a href=\"https:\/\/news.abidjan.net\/titrologie\/39-lintelligent-dabidjan\/articles\" target=\"_blank\">https:\/\/news.abidjan.net\/titrologie\/39-lintelligent-dabidjan\/articles<\/a><\/p>\n<p>\u00c0 lire \u00e9galement la tenue aujourd&#8217;hui de la r\u00e9union du comit\u00e9 consultatif de la Fonction publique t\u00e9moignant de ce que le dialogue n&#8217;a jamais \u00e9t\u00e9 rompu avec les syndicats en gr\u00e8ve, COULIBALY-KUIBIERT sensibilise les s\u00e9nateurs sur la r\u00e9vision de la liste \u00e9lectorale, l&#8217;appel d&#8217;Adjoumani aux acteurs politiques sur la r\u00e9vision de la liste \u00e9lectorale, les crit\u00e8res d&#8217;admission et r\u00e9admission en r\u00e9sidences universitaires \u00e0 remplir par les \u00e9tudiants, ce que Amadou COULIBALY a dit apr\u00e8s le conseil des ministres hier.<\/p>\n<p>Cliquez pour les d\u00e9tails<\/p>\n<p><a href=\"https:\/\/www.afrikipresse.fr\/abonnement\" target=\"_blank\">https:\/\/www.afrikipresse.fr\/abonnement<\/a><\/p>\n<p>\u00c0 voir aussi ce que ZADI Gnagna pense de la gr\u00e8ve \u00e0 la Fonction publique.<\/p>\n<p><a href=\"https:\/\/www.pressecotedivoire.ci\/titrologie\" target=\"_blank\">https:\/\/www.pressecotedivoire.ci\/titrologie<\/a><\/p>\n","protected":false},"excerpt":{"rendered":"<p>La deuxi\u00e8me \u00e9dition du Forum international de l&#8217;\u00e9conomie circulaire d&#8217;Abidjan (ECOCIR), qui a d\u00e9but\u00e9 le 15 octobre 2024, refl\u00e8te l&#8217;int\u00e9r\u00eat croissant pour l&#8217;\u00e9conomie circulaire. L&#8217;effervescence de l&#8217;\u00e9v\u00e9nement, marqu\u00e9e par l&#8217;affluence des visiteurs et la forte participation des startups, d\u00e9montre l&#8217;attrait grandissant de ce mod\u00e8le \u00e9conomique innovant.Comment l&#8217;\u00e9conomie circulaire continue de susciter int\u00e9r\u00eat? Article \u00e0 d\u00e9couvrir [&hellip;]<\/p>\n","protected":false},"author":4,"featured_media":35406,"comment_status":"closed","ping_status":"closed","sticky":false,"template":"","format":"standard","meta":{"_monsterinsights_skip_tracking":false,"_monsterinsights_sitenote_active":false,"_monsterinsights_sitenote_note":"","_monsterinsights_sitenote_category":0,"footnotes":""},"categories":[2,3],"tags":[],"class_list":["post-35405","post","type-post","status-publish","format-standard","has-post-thumbnail","hentry","category-featured","category-societe"],"_links":{"self":[{"href":"https:\/\/www.lintelligentdabidjan.info\/news\/wp-json\/wp\/v2\/posts\/35405","targetHints":{"allow":["GET"]}}],"collection":[{"href":"https:\/\/www.lintelligentdabidjan.info\/news\/wp-json\/wp\/v2\/posts"}],"about":[{"href":"https:\/\/www.lintelligentdabidjan.info\/news\/wp-json\/wp\/v2\/types\/post"}],"author":[{"embeddable":true,"href":"https:\/\/www.lintelligentdabidjan.info\/news\/wp-json\/wp\/v2\/users\/4"}],"replies":[{"embeddable":true,"href":"https:\/\/www.lintelligentdabidjan.info\/news\/wp-json\/wp\/v2\/comments?post=35405"}],"version-history":[{"count":1,"href":"https:\/\/www.lintelligentdabidjan.info\/news\/wp-json\/wp\/v2\/posts\/35405\/revisions"}],"predecessor-version":[{"id":35407,"href":"https:\/\/www.lintelligentdabidjan.info\/news\/wp-json\/wp\/v2\/posts\/35405\/revisions\/35407"}],"wp:featuredmedia":[{"embeddable":true,"href":"https:\/\/www.lintelligentdabidjan.info\/news\/wp-json\/wp\/v2\/media\/35406"}],"wp:attachment":[{"href":"https:\/\/www.lintelligentdabidjan.info\/news\/wp-json\/wp\/v2\/media?parent=35405"}],"wp:term":[{"taxonomy":"category","embeddable":true,"href":"https:\/\/www.lintelligentdabidjan.info\/news\/wp-json\/wp\/v2\/categories?post=35405"},{"taxonomy":"post_tag","embeddable":true,"href":"https:\/\/www.lintelligentdabidjan.info\/news\/wp-json\/wp\/v2\/tags?post=35405"}],"curies":[{"name":"wp","href":"https:\/\/api.w.org\/{rel}","templated":true}]}}