{"id":35420,"date":"2024-10-18T07:05:48","date_gmt":"2024-10-18T05:05:48","guid":{"rendered":"https:\/\/www.lintelligentdabidjan.info\/news\/?p=35420"},"modified":"2024-10-18T07:06:26","modified_gmt":"2024-10-18T05:06:26","slug":"recherche-dune-paix-durable-jean-noel-loucou-et-des-universitaires-reflechissent-a-yamoussoukro","status":"publish","type":"post","link":"https:\/\/www.lintelligentdabidjan.info\/news\/recherche-dune-paix-durable-jean-noel-loucou-et-des-universitaires-reflechissent-a-yamoussoukro\/","title":{"rendered":"Recherche d\u2019une paix durable-  Jean-No\u00ebl Loucou et des universitaires r\u00e9fl\u00e9chissent \u00e0 Yamoussoukro"},"content":{"rendered":"<p><em><strong>\u00ab Construire une paix durable au 21e si\u00e8cle \u00bb est le th\u00e8me central d&#8217;un colloque international sur la paix, organis\u00e9 par la Fondation F\u00e9lix Houphou\u00ebt-Boigny pour la recherche de la paix, en partenariat avec l&#8217;Association ivoirienne des professeurs de philosophie, l&#8217;Universit\u00e9 F\u00e9lix Houphou\u00ebt-Boigny ainsi qu&#8217;une universit\u00e9 priv\u00e9e. Ce colloque a d\u00e9but\u00e9 le jeudi 17 octobre 2024 \u00e0 Yamoussoukro.<\/strong><\/em><\/p>\n<p>Lors de son discours d&#8217;ouverture, le secr\u00e9taire g\u00e9n\u00e9ral de la Fondation F\u00e9lix Houphou\u00ebt-Boigny a soulign\u00e9 que la r\u00e9flexion sur les moyens d&#8217;assurer la paix en Afrique et dans le monde est non seulement une obligation imp\u00e9rative, mais \u00e9galement une urgence \u00e0 traiter.<\/p>\n<p>. \u00ab La paix est possible, agissons pour un monde pacifique o\u00f9 les oppositions les plus conflictuelles partout dans le monde seront d\u00e9finitivement effac\u00e9es. Certes, nous savons que le combat pour la paix est une \u0153uvre de longue haleine, qui connait des h\u00e9sitations, des erreurs, des pi\u00e9tinements. Mais en ayant appr\u00e9ci\u00e9 les \u00e9cueils du chemin, nous saurons comment le parcourir  pour r\u00e9ussir \u00bb a-t-il dit. \u00ab Un avenir de paix  n\u2019est pas seulement possible, mais surtout r\u00e9alisable. Nous pourrions ainsi \u00e9viter la r\u00e9p\u00e9tition de l\u2019histoire du 20e si\u00e8cle qui a connu les catastrophiques deux guerres mondiales \u00bb a-t-il ajout\u00e9.<\/p>\n<p>Dans le m\u00eame esprit, Kouassi Taki Ezoua, pr\u00e9sidente du comit\u00e9 scientifique du colloque, a soulign\u00e9 que promouvoir et pr\u00e9server la paix, c&#8217;est \u0153uvrer pour la construction d&#8217;un monde plus inclusif, respectueux non seulement des libert\u00e9s individuelles et collectives, mais aussi des minorit\u00e9s et des diff\u00e9rences. Ce colloque, qui r\u00e9unit plusieurs enseignants-chercheurs des universit\u00e9s ivoiriennes, africaines et fran\u00e7aises, a pour objectif non seulement de travailler \u00e0 l&#8217;instauration de la paix, mais aussi de r\u00e9fl\u00e9chir sur la culture de la paix, dont l&#8217;appropriation est cruciale pour r\u00e9soudre les conflits sans violence. Il s&#8217;agit \u00e9galement de d\u00e9finir la transcendance de la paix au 21e si\u00e8cle, afin de la rendre concr\u00e8te et non pas un simple id\u00e9al.<\/p>\n<p>Pour y parvenir, une soixantaine de communications sont programm\u00e9es durant ces journ\u00e9es scientifiques. Gogbeu Mamadou, repr\u00e9sentant le ministre-gouverneur du district des Montagnes, Albert Flind\u00e9, parrain de ces assises, a salu\u00e9 les initiateurs du colloque. Il a rappel\u00e9 que \u00ab la paix et la s\u00e9curit\u00e9 sont indispensables au progr\u00e8s social et au d\u00e9veloppement durable \u00bb.<\/p>\n<p><strong> Harry Diallo \u00e0 Yamoussoukro   <\/strong><\/p>\n","protected":false},"excerpt":{"rendered":"<p>\u00ab Construire une paix durable au 21e si\u00e8cle \u00bb est le th\u00e8me central d&#8217;un colloque international sur la paix, organis\u00e9 par la Fondation F\u00e9lix Houphou\u00ebt-Boigny pour la recherche de la paix, en partenariat avec l&#8217;Association ivoirienne des professeurs de philosophie, l&#8217;Universit\u00e9 F\u00e9lix Houphou\u00ebt-Boigny ainsi qu&#8217;une universit\u00e9 priv\u00e9e. Ce colloque a d\u00e9but\u00e9 le jeudi 17 octobre [&hellip;]<\/p>\n","protected":false},"author":4,"featured_media":35421,"comment_status":"closed","ping_status":"closed","sticky":false,"template":"","format":"standard","meta":{"_monsterinsights_skip_tracking":false,"_monsterinsights_sitenote_active":false,"_monsterinsights_sitenote_note":"","_monsterinsights_sitenote_category":0,"footnotes":""},"categories":[2,3],"tags":[2851,4120,4121,51],"class_list":["post-35420","post","type-post","status-publish","format-standard","has-post-thumbnail","hentry","category-featured","category-societe","tag-jean-noel-loucou","tag-paix-durable","tag-universitaires","tag-yamoussoukro"],"_links":{"self":[{"href":"https:\/\/www.lintelligentdabidjan.info\/news\/wp-json\/wp\/v2\/posts\/35420","targetHints":{"allow":["GET"]}}],"collection":[{"href":"https:\/\/www.lintelligentdabidjan.info\/news\/wp-json\/wp\/v2\/posts"}],"about":[{"href":"https:\/\/www.lintelligentdabidjan.info\/news\/wp-json\/wp\/v2\/types\/post"}],"author":[{"embeddable":true,"href":"https:\/\/www.lintelligentdabidjan.info\/news\/wp-json\/wp\/v2\/users\/4"}],"replies":[{"embeddable":true,"href":"https:\/\/www.lintelligentdabidjan.info\/news\/wp-json\/wp\/v2\/comments?post=35420"}],"version-history":[{"count":1,"href":"https:\/\/www.lintelligentdabidjan.info\/news\/wp-json\/wp\/v2\/posts\/35420\/revisions"}],"predecessor-version":[{"id":35422,"href":"https:\/\/www.lintelligentdabidjan.info\/news\/wp-json\/wp\/v2\/posts\/35420\/revisions\/35422"}],"wp:featuredmedia":[{"embeddable":true,"href":"https:\/\/www.lintelligentdabidjan.info\/news\/wp-json\/wp\/v2\/media\/35421"}],"wp:attachment":[{"href":"https:\/\/www.lintelligentdabidjan.info\/news\/wp-json\/wp\/v2\/media?parent=35420"}],"wp:term":[{"taxonomy":"category","embeddable":true,"href":"https:\/\/www.lintelligentdabidjan.info\/news\/wp-json\/wp\/v2\/categories?post=35420"},{"taxonomy":"post_tag","embeddable":true,"href":"https:\/\/www.lintelligentdabidjan.info\/news\/wp-json\/wp\/v2\/tags?post=35420"}],"curies":[{"name":"wp","href":"https:\/\/api.w.org\/{rel}","templated":true}]}}