{"id":35427,"date":"2024-10-18T07:11:41","date_gmt":"2024-10-18T05:11:41","guid":{"rendered":"https:\/\/www.lintelligentdabidjan.info\/news\/?p=35427"},"modified":"2024-10-18T07:11:45","modified_gmt":"2024-10-18T05:11:45","slug":"craintes-de-troubles-electoraux-en-2025-remy-athacou-candidat-declare-voila-comment-desarmer-les-coeurs-avant-la-presidentielle","status":"publish","type":"post","link":"https:\/\/www.lintelligentdabidjan.info\/news\/craintes-de-troubles-electoraux-en-2025-remy-athacou-candidat-declare-voila-comment-desarmer-les-coeurs-avant-la-presidentielle\/","title":{"rendered":"Craintes de troubles \u00e9lectoraux en 2025 : R\u00e9my Athacou, candidat d\u00e9clar\u00e9: \u00ab Voil\u00e0 comment d\u00e9sarmer les c\u0153urs avant la pr\u00e9sidentielle \u00bb"},"content":{"rendered":"<p><em><strong>Face aux craintes de troubles \u00e0 l\u2019occasion de la pr\u00e9sidentielle de 2025, R\u00e9my Athacou, candidat d\u00e9clar\u00e9, propose des pistes de solutions pour \u00ab d\u00e9sarmer les c\u0153urs \u00bb.<\/strong><\/em><\/p>\n<p> Selon une information re\u00e7ue, R\u00e9my Athacou, candidat d\u00e9clar\u00e9 \u00e0 l\u2019\u00e9lection pr\u00e9sidentielle de 2025 en C\u00f4te d\u2019Ivoire, a \u00e9voqu\u00e9 une piste de solution pour aider \u00e0 apaiser les c\u0153urs \u00e0 l\u2019approche du scrutin pr\u00e9sidentiel. Pr\u00e9sident du parti politique \u00ab Le changement est possible \u00bb (LCEP), il a pr\u00e9sent\u00e9 ses id\u00e9es lors d&#8217;une rencontre avec des sympathisants au si\u00e8ge de son parti \u00e0 Washington, aux \u00c9tats-Unis, le mardi 15 octobre 2024.<\/p>\n<p> Pour lui, un v\u00e9ritable processus de paix et de r\u00e9conciliation doit davantage s&#8217;appuyer sur des facteurs culturels, \u00ab ethniques et r\u00e9gionaux \u00bb, plut\u00f4t que sur des \u00e9l\u00e9ments exclusivement politiques. Les \u00e9checs r\u00e9p\u00e9t\u00e9s des processus de paix en C\u00f4te d\u2019Ivoire sont li\u00e9s \u00e0 une mauvaise planification initiale. Les hommes politiques se comportent comme s&#8217;ils \u00e9taient les seuls concern\u00e9s par la r\u00e9conciliation. \u00ab Nous sommes un peuple avec une histoire et un destin communs qui doivent  \u00eatre mis en avant si nous voulons d\u00e9sarmer les c\u0153urs avant les \u00e9lections prochaines \u00bb, a-t-il d\u00e9clar\u00e9.<\/p>\n<p> Il propose \u00e9galement que \u00ab les r\u00e9flexions sur les sujets li\u00e9s \u00e0 la r\u00e9conciliation nationale, \u00e0 la paix, \u00e0 la justice sociale et aux prisonniers politiques se fassent dans l\u2019h\u00e9micycle et non dans les journaux \u00bb.<br \/>\nIl souhaite que les m\u00e9dias ivoiriens mettent en place des programmes t\u00e9l\u00e9vis\u00e9s adapt\u00e9s, notamment en cr\u00e9ant davantage de contenus qui mettent l\u2019accent sur l&#8217;identit\u00e9 nationale et la culture commune.<\/p>\n<p><strong>J-H Koffo<\/strong><\/p>\n","protected":false},"excerpt":{"rendered":"<p>Face aux craintes de troubles \u00e0 l\u2019occasion de la pr\u00e9sidentielle de 2025, R\u00e9my Athacou, candidat d\u00e9clar\u00e9, propose des pistes de solutions pour \u00ab d\u00e9sarmer les c\u0153urs \u00bb. Selon une information re\u00e7ue, R\u00e9my Athacou, candidat d\u00e9clar\u00e9 \u00e0 l\u2019\u00e9lection pr\u00e9sidentielle de 2025 en C\u00f4te d\u2019Ivoire, a \u00e9voqu\u00e9 une piste de solution pour aider \u00e0 apaiser les c\u0153urs [&hellip;]<\/p>\n","protected":false},"author":4,"featured_media":35428,"comment_status":"closed","ping_status":"closed","sticky":false,"template":"","format":"standard","meta":{"_monsterinsights_skip_tracking":false,"_monsterinsights_sitenote_active":false,"_monsterinsights_sitenote_note":"","_monsterinsights_sitenote_category":0,"footnotes":""},"categories":[2,17],"tags":[],"class_list":["post-35427","post","type-post","status-publish","format-standard","has-post-thumbnail","hentry","category-featured","category-politique"],"_links":{"self":[{"href":"https:\/\/www.lintelligentdabidjan.info\/news\/wp-json\/wp\/v2\/posts\/35427","targetHints":{"allow":["GET"]}}],"collection":[{"href":"https:\/\/www.lintelligentdabidjan.info\/news\/wp-json\/wp\/v2\/posts"}],"about":[{"href":"https:\/\/www.lintelligentdabidjan.info\/news\/wp-json\/wp\/v2\/types\/post"}],"author":[{"embeddable":true,"href":"https:\/\/www.lintelligentdabidjan.info\/news\/wp-json\/wp\/v2\/users\/4"}],"replies":[{"embeddable":true,"href":"https:\/\/www.lintelligentdabidjan.info\/news\/wp-json\/wp\/v2\/comments?post=35427"}],"version-history":[{"count":1,"href":"https:\/\/www.lintelligentdabidjan.info\/news\/wp-json\/wp\/v2\/posts\/35427\/revisions"}],"predecessor-version":[{"id":35429,"href":"https:\/\/www.lintelligentdabidjan.info\/news\/wp-json\/wp\/v2\/posts\/35427\/revisions\/35429"}],"wp:featuredmedia":[{"embeddable":true,"href":"https:\/\/www.lintelligentdabidjan.info\/news\/wp-json\/wp\/v2\/media\/35428"}],"wp:attachment":[{"href":"https:\/\/www.lintelligentdabidjan.info\/news\/wp-json\/wp\/v2\/media?parent=35427"}],"wp:term":[{"taxonomy":"category","embeddable":true,"href":"https:\/\/www.lintelligentdabidjan.info\/news\/wp-json\/wp\/v2\/categories?post=35427"},{"taxonomy":"post_tag","embeddable":true,"href":"https:\/\/www.lintelligentdabidjan.info\/news\/wp-json\/wp\/v2\/tags?post=35427"}],"curies":[{"name":"wp","href":"https:\/\/api.w.org\/{rel}","templated":true}]}}