{"id":35430,"date":"2024-10-18T07:13:51","date_gmt":"2024-10-18T05:13:51","guid":{"rendered":"https:\/\/www.lintelligentdabidjan.info\/news\/?p=35430"},"modified":"2024-10-18T07:14:00","modified_gmt":"2024-10-18T05:14:00","slug":"bouake-une-ong-sensibilise-les-femmes-au-depistage-precoce-des-cancers-feminins","status":"publish","type":"post","link":"https:\/\/www.lintelligentdabidjan.info\/news\/bouake-une-ong-sensibilise-les-femmes-au-depistage-precoce-des-cancers-feminins\/","title":{"rendered":"Bouak\u00e9 :   Une ONG sensibilise les femmes au d\u00e9pistage pr\u00e9coce des cancers f\u00e9minins"},"content":{"rendered":"<p>Dans le cadre du mois d&#8217;Octobre Rose, d\u00e9di\u00e9 \u00e0 la lutte contre le cancer du sein, l&#8217;ONG Vision Pour le Bien-\u00eatre et la Sant\u00e9 en C\u00f4te d&#8217;Ivoire (VIBES-CI) a lanc\u00e9, le jeudi 17 octobre 2024, ses activit\u00e9s de sensibilisation et de d\u00e9pistage du cancer du sein et du cancer du col de l&#8217;ut\u00e9rus. Cet \u00e9v\u00e9nement s&#8217;est tenu \u00e0 la Maternit\u00e9 du quartier Belleville 1 de Bouak\u00e9, en pr\u00e9sence de nombreux agents de sant\u00e9 et de femmes de la communaut\u00e9.<\/p>\n<p>Lors de ce lancement, le pr\u00e9sident de l&#8217;ONG, Ibrahima Diallo, a soulign\u00e9 l&#8217;objectif principal de ces actions : sensibiliser la population ivoirienne \u00e0 l&#8217;importance de la pr\u00e9vention et du d\u00e9pistage pr\u00e9coce des cancers f\u00e9minins, tout en offrant des services de d\u00e9pistage gratuits et des consultations m\u00e9dicales sp\u00e9cialis\u00e9es. Il a \u00e9galement pr\u00e9cis\u00e9 que la coalition des organisations de lutte contre le cancer vise \u00e0 d\u00e9pister 10 000 femmes en C\u00f4te d&#8217;Ivoire.<\/p>\n<p> \u00ab Nous devons pouvoir d\u00e9pister 10 000 femmes en C\u00f4te d&#8217;Ivoire \u00bb, a-t-il affirm\u00e9.<\/p>\n<p> Dans la suite de son intervention, il a expliqu\u00e9 le choix du quartier Belleville pour le lancement de ces activit\u00e9s. \u00ab Nous avons choisi Belleville parce que nous savons que de nombreuses femmes ont un faible niveau d&#8217;alphab\u00e9tisation et pratiquent rarement l&#8217;autopalpation. Elles ne consid\u00e8rent pas toujours le cancer comme une pathologie naturelle ; souvent, elles l&#8217;associent \u00e0 des causes surnaturelles. Il est donc essentiel de sensibiliser ces femmes pour qu&#8217;elles puissent se faire d\u00e9pister, car un d\u00e9pistage pr\u00e9coce peut sauver des vies. En revanche, un d\u00e9pistage tardif entra\u00eene souvent des complications graves \u00bb, a-t-il pr\u00e9cis\u00e9.<\/p>\n<p> Le repr\u00e9sentant du directeur d\u00e9partemental du district nord-est de Bouak\u00e9, Dr Ya Kevin, chef de service de l&#8217;action sanitaire,  a affirm\u00e9 que le cancer constitue un probl\u00e8me majeur de sant\u00e9 publique, le cancer du sein \u00e9tant la premi\u00e8re cause de d\u00e9c\u00e8s chez les femmes. Selon le Centre international de recherche sur le cancer, en 2022, on a enregistr\u00e9 9,7 millions de d\u00e9c\u00e8s et 20 millions de nouveaux cas de cancer dans le monde. Pour lutter efficacement contre cette pathologie, il a lanc\u00e9 un appel \u00e0 la mobilisation.<\/p>\n<p> \u00ab Je demande \u00e0 toutes les femmes, o\u00f9 qu&#8217;elles soient, de se mobiliser pour se faire d\u00e9pister. Nous les invitons \u00e0 consulter un gyn\u00e9cologue ou des sages-femmes d\u00e8s qu&#8217;elles d\u00e9tectent un nodule dans le sein \u00bb, a-t-il exhort\u00e9.<\/p>\n<p>D\u00e9but\u00e9es le mercredi 17 octobre 2024, ces activit\u00e9s se poursuivront \u00e0 Bouak\u00e9 jusqu&#8217;au 19 octobre, avant de s&#8217;\u00e9tendre \u00e0 d&#8217;autres villes de la C\u00f4te d&#8217;Ivoire, notamment Korhogo.<\/p>\n<p><strong>Nambac\u00e9r\u00e9 Jo\u00ebl <\/strong><\/p>\n","protected":false},"excerpt":{"rendered":"<p>Dans le cadre du mois d&#8217;Octobre Rose, d\u00e9di\u00e9 \u00e0 la lutte contre le cancer du sein, l&#8217;ONG Vision Pour le Bien-\u00eatre et la Sant\u00e9 en C\u00f4te d&#8217;Ivoire (VIBES-CI) a lanc\u00e9, le jeudi 17 octobre 2024, ses activit\u00e9s de sensibilisation et de d\u00e9pistage du cancer du sein et du cancer du col de l&#8217;ut\u00e9rus. Cet \u00e9v\u00e9nement [&hellip;]<\/p>\n","protected":false},"author":4,"featured_media":35431,"comment_status":"closed","ping_status":"closed","sticky":false,"template":"","format":"standard","meta":{"_monsterinsights_skip_tracking":false,"_monsterinsights_sitenote_active":false,"_monsterinsights_sitenote_note":"","_monsterinsights_sitenote_category":0,"footnotes":""},"categories":[2,3],"tags":[],"class_list":["post-35430","post","type-post","status-publish","format-standard","has-post-thumbnail","hentry","category-featured","category-societe"],"_links":{"self":[{"href":"https:\/\/www.lintelligentdabidjan.info\/news\/wp-json\/wp\/v2\/posts\/35430","targetHints":{"allow":["GET"]}}],"collection":[{"href":"https:\/\/www.lintelligentdabidjan.info\/news\/wp-json\/wp\/v2\/posts"}],"about":[{"href":"https:\/\/www.lintelligentdabidjan.info\/news\/wp-json\/wp\/v2\/types\/post"}],"author":[{"embeddable":true,"href":"https:\/\/www.lintelligentdabidjan.info\/news\/wp-json\/wp\/v2\/users\/4"}],"replies":[{"embeddable":true,"href":"https:\/\/www.lintelligentdabidjan.info\/news\/wp-json\/wp\/v2\/comments?post=35430"}],"version-history":[{"count":1,"href":"https:\/\/www.lintelligentdabidjan.info\/news\/wp-json\/wp\/v2\/posts\/35430\/revisions"}],"predecessor-version":[{"id":35432,"href":"https:\/\/www.lintelligentdabidjan.info\/news\/wp-json\/wp\/v2\/posts\/35430\/revisions\/35432"}],"wp:featuredmedia":[{"embeddable":true,"href":"https:\/\/www.lintelligentdabidjan.info\/news\/wp-json\/wp\/v2\/media\/35431"}],"wp:attachment":[{"href":"https:\/\/www.lintelligentdabidjan.info\/news\/wp-json\/wp\/v2\/media?parent=35430"}],"wp:term":[{"taxonomy":"category","embeddable":true,"href":"https:\/\/www.lintelligentdabidjan.info\/news\/wp-json\/wp\/v2\/categories?post=35430"},{"taxonomy":"post_tag","embeddable":true,"href":"https:\/\/www.lintelligentdabidjan.info\/news\/wp-json\/wp\/v2\/tags?post=35430"}],"curies":[{"name":"wp","href":"https:\/\/api.w.org\/{rel}","templated":true}]}}