{"id":35452,"date":"2024-10-21T06:57:01","date_gmt":"2024-10-21T04:57:01","guid":{"rendered":"https:\/\/www.lintelligentdabidjan.info\/news\/?p=35452"},"modified":"2024-10-21T06:57:07","modified_gmt":"2024-10-21T04:57:07","slug":"revision-de-la-liste-electorale-a-bouake-malick-fadiga-mobilise-les-artisans","status":"publish","type":"post","link":"https:\/\/www.lintelligentdabidjan.info\/news\/revision-de-la-liste-electorale-a-bouake-malick-fadiga-mobilise-les-artisans\/","title":{"rendered":"R\u00e9vision de la Liste \u00e9lectorale \u00e0 Bouak\u00e9 : Malick Fadiga mobilise les artisans"},"content":{"rendered":"<p><em><strong>Le samedi 19 octobre 2024, les artisans de Bouak\u00e9 se sont rassembl\u00e9s \u00e0 la Chambre r\u00e9gionale de m\u00e9tiers pour une journ\u00e9e portes ouvertes d\u00e9di\u00e9e \u00e0 l\u2019enr\u00f4lement sur la liste \u00e9lectorale.<\/strong><\/em><\/p>\n<p> Lors de cet \u00e9v\u00e9nement, l&#8217;honorable Malick Fadiga a soulign\u00e9 l&#8217;importance  de l&#8217;inscription sur les listes \u00e9lectorales, en invitant particuli\u00e8rement les jeunes et les primo-votants \u00e0 participer activement \u00e0 ce processus civique.<\/p>\n<p>\u00ab Le premier devoir d&#8217;un citoyen est d&#8217;\u00eatre inscrit sur la liste \u00e9lectorale. C&#8217;est ce message que je tiens \u00e0 rappeler \u00e0 nos chers artisans. Nous avons besoin de leur engagement. Cette ann\u00e9e, il est essentiel que tous les jeunes ayant atteint l&#8217;\u00e2ge de 18 ans s&#8217;inscrivent, ainsi que tous ceux qui, par n\u00e9gligence ou m\u00e9connaissance, ne figurent pas sur les listes \u00bb, a d\u00e9clar\u00e9 Malick Fadiga.<\/p>\n<p>L&#8217;honorable a \u00e9galement exhort\u00e9 les artisans \u00e0 jouer un r\u00f4le de relais en devenant des ambassadeurs de l&#8217;enr\u00f4lement, afin de soutenir les efforts de la Commission \u00e9lectorale ind\u00e9pendante. \u00ab Chacun doit assumer ses responsabilit\u00e9s. Je les encourage \u00e0 sensibiliser leur client\u00e8le et leur entourage sur l&#8217;importance de cette d\u00e9marche, non seulement pour leurs enfants, mais pour tous les habitants de Bouak\u00e9 et au-del\u00e0 \u00bb, a-t-il ajout\u00e9.<\/p>\n<p>Le pr\u00e9sident de la Chambre r\u00e9gionale de m\u00e9tiers de Bouak\u00e9, Ouattara Siaka, a exprim\u00e9 son engagement \u00e0 accompagner cette initiative avec son \u00e9quipe. Il a qualifi\u00e9 cette mission de \u00ab lourde \u00bb, mais essentielle, et a propos\u00e9 une approche strat\u00e9gique. \u00ab Nous devons commencer par notre propre cercle, nos apprenants et nos familles, avant d&#8217;\u00e9tendre nos efforts au-del\u00e0 \u00bb, a-t-il affirm\u00e9.<\/p>\n<p>Cette journ\u00e9e a r\u00e9uni 40 des 57 associations reconnues par la Chambre r\u00e9gionale des m\u00e9tiers de Bouak\u00e9, t\u00e9moignant d&#8217;un int\u00e9r\u00eat fort de la part des artisans pour cette op\u00e9ration citoyenne.<\/p>\n<p><strong>Nambac\u00e9r\u00e9 Jo\u00ebl <\/strong><\/p>\n","protected":false},"excerpt":{"rendered":"<p>Le samedi 19 octobre 2024, les artisans de Bouak\u00e9 se sont rassembl\u00e9s \u00e0 la Chambre r\u00e9gionale de m\u00e9tiers pour une journ\u00e9e portes ouvertes d\u00e9di\u00e9e \u00e0 l\u2019enr\u00f4lement sur la liste \u00e9lectorale. Lors de cet \u00e9v\u00e9nement, l&#8217;honorable Malick Fadiga a soulign\u00e9 l&#8217;importance de l&#8217;inscription sur les listes \u00e9lectorales, en invitant particuli\u00e8rement les jeunes et les primo-votants \u00e0 [&hellip;]<\/p>\n","protected":false},"author":4,"featured_media":35453,"comment_status":"closed","ping_status":"closed","sticky":false,"template":"","format":"standard","meta":{"_monsterinsights_skip_tracking":false,"_monsterinsights_sitenote_active":false,"_monsterinsights_sitenote_note":"","_monsterinsights_sitenote_category":0,"footnotes":""},"categories":[2,17],"tags":[4135,125,1560,4134,3650],"class_list":["post-35452","post","type-post","status-publish","format-standard","has-post-thumbnail","hentry","category-featured","category-politique","tag-artisans","tag-bouake","tag-liste-electorale","tag-malick-fadiga","tag-revision"],"_links":{"self":[{"href":"https:\/\/www.lintelligentdabidjan.info\/news\/wp-json\/wp\/v2\/posts\/35452","targetHints":{"allow":["GET"]}}],"collection":[{"href":"https:\/\/www.lintelligentdabidjan.info\/news\/wp-json\/wp\/v2\/posts"}],"about":[{"href":"https:\/\/www.lintelligentdabidjan.info\/news\/wp-json\/wp\/v2\/types\/post"}],"author":[{"embeddable":true,"href":"https:\/\/www.lintelligentdabidjan.info\/news\/wp-json\/wp\/v2\/users\/4"}],"replies":[{"embeddable":true,"href":"https:\/\/www.lintelligentdabidjan.info\/news\/wp-json\/wp\/v2\/comments?post=35452"}],"version-history":[{"count":1,"href":"https:\/\/www.lintelligentdabidjan.info\/news\/wp-json\/wp\/v2\/posts\/35452\/revisions"}],"predecessor-version":[{"id":35454,"href":"https:\/\/www.lintelligentdabidjan.info\/news\/wp-json\/wp\/v2\/posts\/35452\/revisions\/35454"}],"wp:featuredmedia":[{"embeddable":true,"href":"https:\/\/www.lintelligentdabidjan.info\/news\/wp-json\/wp\/v2\/media\/35453"}],"wp:attachment":[{"href":"https:\/\/www.lintelligentdabidjan.info\/news\/wp-json\/wp\/v2\/media?parent=35452"}],"wp:term":[{"taxonomy":"category","embeddable":true,"href":"https:\/\/www.lintelligentdabidjan.info\/news\/wp-json\/wp\/v2\/categories?post=35452"},{"taxonomy":"post_tag","embeddable":true,"href":"https:\/\/www.lintelligentdabidjan.info\/news\/wp-json\/wp\/v2\/tags?post=35452"}],"curies":[{"name":"wp","href":"https:\/\/api.w.org\/{rel}","templated":true}]}}