{"id":35455,"date":"2024-10-21T06:59:19","date_gmt":"2024-10-21T04:59:19","guid":{"rendered":"https:\/\/www.lintelligentdabidjan.info\/news\/?p=35455"},"modified":"2024-10-24T23:45:46","modified_gmt":"2024-10-24T21:45:46","slug":"bouake-60-pensionnaires-de-la-saint-camille-recoivent-leurs-diplomes-de-fin-de-formation","status":"publish","type":"post","link":"https:\/\/www.lintelligentdabidjan.info\/news\/bouake-60-pensionnaires-de-la-saint-camille-recoivent-leurs-diplomes-de-fin-de-formation\/","title":{"rendered":"Bouak\u00e9 : 60 pensionnaires de la Saint Camille re\u00e7oivent leurs dipl\u00f4mes de fin de formation"},"content":{"rendered":"<p><em><strong>Le vendredi 18 octobre 2024, l&#8217;association Saint Camille, en partenariat avec l&#8217;Association des Volontaires pour le Service International (AVSI) en c\u00f4te d&#8217;ivoire, a organis\u00e9 une c\u00e9r\u00e9monie de remise de dipl\u00f4mes pour une soixantaine de b\u00e9n\u00e9ficiaires dans le cadre du programme &#8220;OASIS d&#8217;Esp\u00e9rance : Techniques de r\u00e9habilitation pour l&#8217;insertion et l&#8217;apprentissage des m\u00e9tiers de l&#8217;\u00e9conomie villageoise en C\u00f4te d&#8217;Ivoire&#8221;. Ce programme vise \u00e0 sensibiliser les institutions et les communaut\u00e9s \u00e0 la r\u00e9insertion socio-\u00e9conomique des pensionnaires des centres de r\u00e9insertion de la Saint Camille de Belleville et de Dar Es Salam.<\/strong><\/em><\/p>\n<p>La c\u00e9r\u00e9monie s&#8217;est tenue au centre de Dar es Salaam, en pr\u00e9sence du directeur r\u00e9gional du Minist\u00e8re de la Protection sociale de Gb\u00eak\u00ea, d&#8217;une d\u00e9l\u00e9gation du Projet de M\u00e9decins Sans Fronti\u00e8res, de repr\u00e9sentants d&#8217;institutions et des familles des pensionnaires form\u00e9s.<br \/>\nLors de l&#8217;\u00e9v\u00e9nement, Derez Philippe, directeur adjoint de l&#8217;association Saint Camille, a soulign\u00e9 que cette initiative vise \u00e0 garantir l&#8217;autonomisation de ces pensionnaires apr\u00e8s leur stabilisation dans les diff\u00e9rents centres.<br \/>\n&#8220;Nous organisons des formations pour que, apr\u00e8s la stabilisation des personnes, elles puissent retourner en famille avec des comp\u00e9tences acquises. L&#8217;id\u00e9e est de leur donner un petit coup de pouce pour qu&#8217;elles puissent d\u00e9marrer avec quelque chose&#8221;, a-t-il d\u00e9clar\u00e9.<br \/>\nAu cours de leur formation, les pensionnaires ont acquis des comp\u00e9tences en cuisine collective, savonnerie, \u00e9levage et mara\u00eechage bio.<br \/>\nDocteur Vally Munyo Prisca \u00e9pouse Ab\u00e9 , m\u00e9decin \u00e9conomiste de la sant\u00e9 \u00e0 l&#8217;AVSI et coordinatrice du projet, a encourag\u00e9 les familles \u00e0 accueillir les pensionnaires afin de faciliter leur r\u00e9insertion.<br \/>\n&#8220;Nous avons besoin des familles. Sans leur soutien, il est tr\u00e8s difficile de r\u00e9ussir la r\u00e9insertion. C&#8217;est pourquoi nous insistons sur l&#8217;importance de maintenir le contact, m\u00eame pendant la p\u00e9riode de soins. Il est essentiel d&#8217;accepter les personnes et de comprendre que les probl\u00e8mes psychiatriques peuvent toucher tout le monde. Ce sont des accidents de la vie, mais il est possible de se relever et de continuer. La vie ne s&#8217;arr\u00eate pas&#8221;, a-t-elle affirm\u00e9.<br \/>\nDogui Alex Willfried, pensionnaire de ce centre , a exprim\u00e9 sa gratitude envers les encadreurs pour la formation re\u00e7ue, qui sera b\u00e9n\u00e9fique pour eux, car ils &#8220;peuvent entreprendre, notamment en vendant les tomates qu&#8217;ils ont cultiv\u00e9es eux-m\u00eames&#8221;. Ils ont \u00e9galement \u00e9voqu\u00e9 la possibilit\u00e9 de fabriquer des savons liquides ou des beignets pour gagner de l&#8217;argent, subvenir aux besoins de leur famille et garantir leur propre autonomie.<br \/>\nCette remise de dipl\u00f4me marque la deuxi\u00e8me cohorte, apr\u00e8s une premi\u00e8re promotion de 60 personnes l&#8217;ann\u00e9e pr\u00e9c\u00e9dente.<\/p>\n<p><strong>Nambac\u00e9r\u00e9 Jo\u00ebl<\/strong><\/p>\n","protected":false},"excerpt":{"rendered":"<p>Le vendredi 18 octobre 2024, l&#8217;association Saint Camille, en partenariat avec l&#8217;Association des Volontaires pour le Service International (AVSI) en c\u00f4te d&#8217;ivoire, a organis\u00e9 une c\u00e9r\u00e9monie de remise de dipl\u00f4mes pour une soixantaine de b\u00e9n\u00e9ficiaires dans le cadre du programme &#8220;OASIS d&#8217;Esp\u00e9rance : Techniques de r\u00e9habilitation pour l&#8217;insertion et l&#8217;apprentissage des m\u00e9tiers de l&#8217;\u00e9conomie villageoise [&hellip;]<\/p>\n","protected":false},"author":4,"featured_media":35456,"comment_status":"closed","ping_status":"closed","sticky":false,"template":"","format":"standard","meta":{"_monsterinsights_skip_tracking":false,"_monsterinsights_sitenote_active":false,"_monsterinsights_sitenote_note":"","_monsterinsights_sitenote_category":0,"footnotes":""},"categories":[2,3],"tags":[125,855,1590,4136,4137],"class_list":["post-35455","post","type-post","status-publish","format-standard","has-post-thumbnail","hentry","category-featured","category-societe","tag-bouake","tag-diplomes","tag-formation","tag-pensionnaires","tag-saint-camille"],"_links":{"self":[{"href":"https:\/\/www.lintelligentdabidjan.info\/news\/wp-json\/wp\/v2\/posts\/35455","targetHints":{"allow":["GET"]}}],"collection":[{"href":"https:\/\/www.lintelligentdabidjan.info\/news\/wp-json\/wp\/v2\/posts"}],"about":[{"href":"https:\/\/www.lintelligentdabidjan.info\/news\/wp-json\/wp\/v2\/types\/post"}],"author":[{"embeddable":true,"href":"https:\/\/www.lintelligentdabidjan.info\/news\/wp-json\/wp\/v2\/users\/4"}],"replies":[{"embeddable":true,"href":"https:\/\/www.lintelligentdabidjan.info\/news\/wp-json\/wp\/v2\/comments?post=35455"}],"version-history":[{"count":3,"href":"https:\/\/www.lintelligentdabidjan.info\/news\/wp-json\/wp\/v2\/posts\/35455\/revisions"}],"predecessor-version":[{"id":35500,"href":"https:\/\/www.lintelligentdabidjan.info\/news\/wp-json\/wp\/v2\/posts\/35455\/revisions\/35500"}],"wp:featuredmedia":[{"embeddable":true,"href":"https:\/\/www.lintelligentdabidjan.info\/news\/wp-json\/wp\/v2\/media\/35456"}],"wp:attachment":[{"href":"https:\/\/www.lintelligentdabidjan.info\/news\/wp-json\/wp\/v2\/media?parent=35455"}],"wp:term":[{"taxonomy":"category","embeddable":true,"href":"https:\/\/www.lintelligentdabidjan.info\/news\/wp-json\/wp\/v2\/categories?post=35455"},{"taxonomy":"post_tag","embeddable":true,"href":"https:\/\/www.lintelligentdabidjan.info\/news\/wp-json\/wp\/v2\/tags?post=35455"}],"curies":[{"name":"wp","href":"https:\/\/api.w.org\/{rel}","templated":true}]}}