{"id":35470,"date":"2024-10-22T07:04:42","date_gmt":"2024-10-22T05:04:42","guid":{"rendered":"https:\/\/www.lintelligentdabidjan.info\/news\/?p=35470"},"modified":"2024-10-22T07:04:46","modified_gmt":"2024-10-22T05:04:46","slug":"front-populaire-ivoirien-le-comite-central-suspend-le-vice-president-dagbo-gode-pierre","status":"publish","type":"post","link":"https:\/\/www.lintelligentdabidjan.info\/news\/front-populaire-ivoirien-le-comite-central-suspend-le-vice-president-dagbo-gode-pierre\/","title":{"rendered":"Front Populaire Ivoirien-   Le comit\u00e9 central suspend le vice-pr\u00e9sident   Dagbo God\u00e9 Pierre"},"content":{"rendered":"<p><em><strong>Le comit\u00e9 central du Front Populaire Ivoirien suspend  le vice-pr\u00e9sident   Dagbo God\u00e9 Pierre.<\/strong><\/em><\/p>\n<p>Gnepa Barth\u00e9lemy, Secr\u00e9taire g\u00e9n\u00e9ral et porte-parole du Front Populaire Ivoirien (Fpi), a anim\u00e9 un point de presse le lundi 21 octobre 2024 au si\u00e8ge du parti, situ\u00e9 \u00e0 Abidjan-Cocody-Deux Plateaux-Vallon.<\/p>\n<p>Cette rencontre fait suite \u00e0 la 3\u1d49 session extraordinaire du Comit\u00e9 Central, tenue le 20 octobre 2024, au cours de laquelle des d\u00e9cisions importantes ont \u00e9t\u00e9 prises pour g\u00e9rer les tensions internes au sein du parti. Lors de ce point de presse, Gnepa Barth\u00e9lemy a pr\u00e9cis\u00e9 que le Comit\u00e9 Central avait \u00e9t\u00e9 convoqu\u00e9 \u00e0 la demande du Comit\u00e9 de Contr\u00f4le, dirig\u00e9 par Marcellin Koua Wognin, en raison de deux plaintes d\u00e9pos\u00e9es en justice par Dagbo God\u00e9 Pierre, ancien vice-pr\u00e9sident et candidat \u00e0 la pr\u00e9sidence du FPI.<\/p>\n<p> Ces plaintes visaient, selon lui, \u00e0 obtenir l\u2019annulation des d\u00e9cisions prises lors de la 2\u1d49 session extraordinaire du Comit\u00e9 Central et la suspension du 5\u1d49 Congr\u00e8s Ordinaire pr\u00e9vu les 8 et 9 novembre 2024 \u00e0 Yamoussoukro. Gnepa Barth\u00e9lemy a soulign\u00e9 qu\u2019apr\u00e8s avoir \u00e9tudi\u00e9 ces plaintes, le Comit\u00e9 Central les a jug\u00e9es infond\u00e9es sur le plan statutaire.<\/p>\n<p> \u00ab Apr\u00e8s examen du contenu des deux assignations, le Comit\u00e9 Central note que les motifs invoqu\u00e9s par Dagbo God\u00e9 Pierre \u00e0 l\u2019appui de la demande de suspension du Congr\u00e8s Ordinaire des 8 et 9 novembre 2024 sont sans fondement statutaire. Le Comit\u00e9 Central consid\u00e8re que ces assignations s&#8217;inscrivent dans des tentatives de d\u00e9stabilisation du Fpi orchestr\u00e9es avec la complicit\u00e9 de certains cadres du parti depuis la rupture du partenariat avec le Rhdp. Apr\u00e8s avoir d\u00e9lib\u00e9r\u00e9 sur tous les manquements et la volont\u00e9 manifeste de nuire aux int\u00e9r\u00eats du Fpi, le Comit\u00e9 Central d\u00e9cide de la suspension de Dagbo God\u00e9 Pierre, conform\u00e9ment \u00e0 l&#8217;article 92 des Statuts. Le vote sur la d\u00e9cision de suspension a donn\u00e9 les r\u00e9sultats suivants : sur 292 pr\u00e9sents, 292 ont vot\u00e9, 282 pour la suspension, 3 contre, et 7 abstentions \u00bb, a-t-il d\u00e9clar\u00e9.<\/p>\n<p>Par ailleurs, il a pr\u00e9cis\u00e9 que jusqu&#8217;\u00e0 preuve d&#8217;une d\u00e9cision contraire du Congr\u00e8s du Parti, Dagbo God\u00e9 Pierre n&#8217;a plus qualit\u00e9 pour agir en tant que militant du Front Populaire Ivoirien (Fpi). \u00ab Toutes les initiatives et tous les actes qu&#8217;il posera n&#8217;engagent pas le Fpi et ne sont pas opposables au Parti. Le Comit\u00e9 Central demande \u00e0 la direction du parti de prendre toutes les dispositions appropri\u00e9es afin d&#8217;assurer efficacement la d\u00e9fense du Parti devant le tribunal de premi\u00e8re instance \u00bb, a-t-il conclu. L\u2019organisation des femmes du Fpi, la cellule des enseignants du secondaire , la cellule des enseignants membres  et la jeunesse du parti ont salu\u00e9 cette d\u00e9cision de suspension de Dagbo God\u00e9 Pierre et ont appel\u00e9 \u00e0 une mobilisation des militants pour la r\u00e9ussite du 5\u00e8me Congr\u00e8s Ordinaire pr\u00e9vu les 8 et 9 novembre 2024 \u00e0 Yamoussoukro.<\/p>\n<p><strong>Olivier Dion avec A. Traor\u00e9<\/strong><\/p>\n","protected":false},"excerpt":{"rendered":"<p>Le comit\u00e9 central du Front Populaire Ivoirien suspend le vice-pr\u00e9sident Dagbo God\u00e9 Pierre. Gnepa Barth\u00e9lemy, Secr\u00e9taire g\u00e9n\u00e9ral et porte-parole du Front Populaire Ivoirien (Fpi), a anim\u00e9 un point de presse le lundi 21 octobre 2024 au si\u00e8ge du parti, situ\u00e9 \u00e0 Abidjan-Cocody-Deux Plateaux-Vallon. Cette rencontre fait suite \u00e0 la 3\u1d49 session extraordinaire du Comit\u00e9 Central, [&hellip;]<\/p>\n","protected":false},"author":4,"featured_media":35471,"comment_status":"closed","ping_status":"closed","sticky":false,"template":"","format":"standard","meta":{"_monsterinsights_skip_tracking":false,"_monsterinsights_sitenote_active":false,"_monsterinsights_sitenote_note":"","_monsterinsights_sitenote_category":0,"footnotes":""},"categories":[2,17],"tags":[4147,4148,4146,3260],"class_list":["post-35470","post","type-post","status-publish","format-standard","has-post-thumbnail","hentry","category-featured","category-politique","tag-comite-central","tag-dagbo-gode-pierre","tag-front-populaire-ivoirien","tag-vice-president"],"_links":{"self":[{"href":"https:\/\/www.lintelligentdabidjan.info\/news\/wp-json\/wp\/v2\/posts\/35470","targetHints":{"allow":["GET"]}}],"collection":[{"href":"https:\/\/www.lintelligentdabidjan.info\/news\/wp-json\/wp\/v2\/posts"}],"about":[{"href":"https:\/\/www.lintelligentdabidjan.info\/news\/wp-json\/wp\/v2\/types\/post"}],"author":[{"embeddable":true,"href":"https:\/\/www.lintelligentdabidjan.info\/news\/wp-json\/wp\/v2\/users\/4"}],"replies":[{"embeddable":true,"href":"https:\/\/www.lintelligentdabidjan.info\/news\/wp-json\/wp\/v2\/comments?post=35470"}],"version-history":[{"count":1,"href":"https:\/\/www.lintelligentdabidjan.info\/news\/wp-json\/wp\/v2\/posts\/35470\/revisions"}],"predecessor-version":[{"id":35472,"href":"https:\/\/www.lintelligentdabidjan.info\/news\/wp-json\/wp\/v2\/posts\/35470\/revisions\/35472"}],"wp:featuredmedia":[{"embeddable":true,"href":"https:\/\/www.lintelligentdabidjan.info\/news\/wp-json\/wp\/v2\/media\/35471"}],"wp:attachment":[{"href":"https:\/\/www.lintelligentdabidjan.info\/news\/wp-json\/wp\/v2\/media?parent=35470"}],"wp:term":[{"taxonomy":"category","embeddable":true,"href":"https:\/\/www.lintelligentdabidjan.info\/news\/wp-json\/wp\/v2\/categories?post=35470"},{"taxonomy":"post_tag","embeddable":true,"href":"https:\/\/www.lintelligentdabidjan.info\/news\/wp-json\/wp\/v2\/tags?post=35470"}],"curies":[{"name":"wp","href":"https:\/\/api.w.org\/{rel}","templated":true}]}}