{"id":35532,"date":"2024-10-25T21:28:33","date_gmt":"2024-10-25T19:28:33","guid":{"rendered":"https:\/\/www.lintelligentdabidjan.info\/news\/?p=35532"},"modified":"2024-10-25T21:28:41","modified_gmt":"2024-10-25T19:28:41","slug":"journee-mondiale-de-lenfance-jean-francois-basse-une-opportunite-unique-de-sensibiliser-le-grand-public","status":"publish","type":"post","link":"https:\/\/www.lintelligentdabidjan.info\/news\/journee-mondiale-de-lenfance-jean-francois-basse-une-opportunite-unique-de-sensibiliser-le-grand-public\/","title":{"rendered":"Journ\u00e9e mondiale de l\u2019enfance-Jean-Fran\u00e7ois Basse :  \u00ab Une opportunit\u00e9 unique de sensibiliser le grand public \u00bb"},"content":{"rendered":"<p><em><strong>Le repr\u00e9sentant r\u00e9sident de l\u2019Unicef en C\u00f4te d&#8217;Ivoire, Jean Fran\u00e7ois Basse a anim\u00e9 une conf\u00e9rence de presse le mardi 22 octobre 2024 au si\u00e8ge de l\u2019organisation.<\/strong><\/em><\/p>\n<p>Cette rencontre avec les hommes de m\u00e9dias marque le lancement officiel des activit\u00e9s de la c\u00e9l\u00e9bration de la Journ\u00e9e Mondiale de l\u2019Enfance et du 35\u00e8me anniversaire de la Convention relative aux droits de l&#8217;enfant (Cde). Lors de cet \u00e9v\u00e9nement, Jean-Fran\u00e7ois Basse a indiqu\u00e9 que le 20 novembre, le monde entier c\u00e9l\u00e8bre la Journ\u00e9e mondiale de l&#8217;enfance autour du th\u00e8me : \u00ab Pour chaque enfant, chaque droit \u00bb. Pour lui, cette journ\u00e9e rappelle \u00e0 tous que chaque enfant, sans exception, doit b\u00e9n\u00e9ficier de ses droits fondamentaux. Mais surtout, un appel \u00e0 l&#8217;action, une invitation \u00e0 faire un bilan des progr\u00e8s r\u00e9alis\u00e9s pour les enfants et \u00e0 identifier ce qui reste \u00e0 accomplir. \u00ab En C\u00f4te d\u2019Ivoire, la Journ\u00e9e mondiale de l&#8217;enfance est une opportunit\u00e9 unique de sensibiliser le grand public, de renforcer le dialogue entre les acteurs concern\u00e9s, et surtout de mettre en avant les progr\u00e8s tout en reconnaissant les d\u00e9fis \u00e0 relever. Cette journ\u00e9e est une occasion de donner la parole aux enfants eux-m\u00eames, de faire entendre leur voix, et de rappeler que nous devons leur offrir un avenir o\u00f9 ils pourront s&#8217;\u00e9panouir pleinement \u00bb, a-t-il indiqu\u00e9 tout en notifiant que ces festivit\u00e9s seront marqu\u00e9es par une course relais pour les droits des enfants avec Murielle Ahour\u00e9, un TEDx Youth \u00e0 Bouak\u00e9 o\u00f9 5 enfants prendront la parole pour d\u00e9fendre leurs droits et une caravane avec \u00e0 l\u2019artiste Nash, ambassadrice de l\u2019Unicef \u00e0 Ferk\u00e9 dans le cadre des 10 ans du Festival Hip-Hop Enjaillement (F2he).<\/p>\n<p><strong>Des progr\u00e8s dans le droit des enfants<\/strong><\/p>\n<p> Par ailleurs, il a mentionn\u00e9 que la c\u00e9l\u00e9bration des 35 ans de la Convention relative aux droits de l&#8217;enfant est un tournant historique dans la protection des droits des enfants. Parce que selon lui, depuis son adoption en 1989, cette convention a r\u00e9volutionn\u00e9 la mani\u00e8re dont le monde per\u00e7oit et traite les enfants. Elle reconna\u00eet les enfants non seulement comme des individus ayant des besoins, mais aussi comme des titulaires de droits. \u00ab La C\u00f4te d&#8217;Ivoire a ratifi\u00e9 cette convention en 1991, et depuis, des progr\u00e8s notables ont \u00e9t\u00e9 r\u00e9alis\u00e9s pour traduire ces principes en actions concr\u00e8tes \u00bb, a-t-il d\u00e9clar\u00e9 tout en f\u00e9licitant le gouvernement ivoirien, des communaut\u00e9s locales, des partenaires internationaux, mais aussi des familles et des enfants eux-m\u00eames. Malgr\u00e9 ces r\u00e9alisations, Jean-Fran\u00e7ois Basse a not\u00e9 quelques difficult\u00e9s \u00e0 relever. \u00ab Nous avons encore des d\u00e9fis \u00e0 relever, notamment en ce qui concerne les enfants non scolaris\u00e9s, l&#8217;acc\u00e8s aux services de sant\u00e9 pour tous, et la lutte contre les violences faites aux enfants. Mais ensemble, avec un engagement renouvel\u00e9, nous pouvons surmonter ces obstacles \u00bb, a-t-il rassur\u00e9.<\/p>\n<p><strong>Mamadou Ouattara avec A. Traor\u00e9 avec Sercom<\/strong><\/p>\n","protected":false},"excerpt":{"rendered":"<p>Le repr\u00e9sentant r\u00e9sident de l\u2019Unicef en C\u00f4te d&#8217;Ivoire, Jean Fran\u00e7ois Basse a anim\u00e9 une conf\u00e9rence de presse le mardi 22 octobre 2024 au si\u00e8ge de l\u2019organisation. Cette rencontre avec les hommes de m\u00e9dias marque le lancement officiel des activit\u00e9s de la c\u00e9l\u00e9bration de la Journ\u00e9e Mondiale de l\u2019Enfance et du 35\u00e8me anniversaire de la Convention [&hellip;]<\/p>\n","protected":false},"author":4,"featured_media":35533,"comment_status":"closed","ping_status":"closed","sticky":false,"template":"","format":"standard","meta":{"_monsterinsights_skip_tracking":false,"_monsterinsights_sitenote_active":false,"_monsterinsights_sitenote_note":"","_monsterinsights_sitenote_category":0,"footnotes":""},"categories":[2,3],"tags":[4169,4167,2771,4168],"class_list":["post-35532","post","type-post","status-publish","format-standard","has-post-thumbnail","hentry","category-featured","category-societe","tag-grand-public","tag-jean-francois-basse","tag-journee-mondiale-de-lenfance","tag-sensibiliser"],"_links":{"self":[{"href":"https:\/\/www.lintelligentdabidjan.info\/news\/wp-json\/wp\/v2\/posts\/35532","targetHints":{"allow":["GET"]}}],"collection":[{"href":"https:\/\/www.lintelligentdabidjan.info\/news\/wp-json\/wp\/v2\/posts"}],"about":[{"href":"https:\/\/www.lintelligentdabidjan.info\/news\/wp-json\/wp\/v2\/types\/post"}],"author":[{"embeddable":true,"href":"https:\/\/www.lintelligentdabidjan.info\/news\/wp-json\/wp\/v2\/users\/4"}],"replies":[{"embeddable":true,"href":"https:\/\/www.lintelligentdabidjan.info\/news\/wp-json\/wp\/v2\/comments?post=35532"}],"version-history":[{"count":1,"href":"https:\/\/www.lintelligentdabidjan.info\/news\/wp-json\/wp\/v2\/posts\/35532\/revisions"}],"predecessor-version":[{"id":35534,"href":"https:\/\/www.lintelligentdabidjan.info\/news\/wp-json\/wp\/v2\/posts\/35532\/revisions\/35534"}],"wp:featuredmedia":[{"embeddable":true,"href":"https:\/\/www.lintelligentdabidjan.info\/news\/wp-json\/wp\/v2\/media\/35533"}],"wp:attachment":[{"href":"https:\/\/www.lintelligentdabidjan.info\/news\/wp-json\/wp\/v2\/media?parent=35532"}],"wp:term":[{"taxonomy":"category","embeddable":true,"href":"https:\/\/www.lintelligentdabidjan.info\/news\/wp-json\/wp\/v2\/categories?post=35532"},{"taxonomy":"post_tag","embeddable":true,"href":"https:\/\/www.lintelligentdabidjan.info\/news\/wp-json\/wp\/v2\/tags?post=35532"}],"curies":[{"name":"wp","href":"https:\/\/api.w.org\/{rel}","templated":true}]}}