{"id":35538,"date":"2024-10-28T05:53:07","date_gmt":"2024-10-28T04:53:07","guid":{"rendered":"https:\/\/www.lintelligentdabidjan.info\/news\/?p=35538"},"modified":"2024-10-28T05:53:29","modified_gmt":"2024-10-28T04:53:29","slug":"bouake-des-intellectuels-africains-veulent-anticiper-sur-lavenir-du-continent","status":"publish","type":"post","link":"https:\/\/www.lintelligentdabidjan.info\/news\/bouake-des-intellectuels-africains-veulent-anticiper-sur-lavenir-du-continent\/","title":{"rendered":"Bouak\u00e9-   Des intellectuels africains veulent  anticiper sur l&#8217;avenir  du continent"},"content":{"rendered":"<p><em><strong>Du 22 au 24 octobre 2024, l\u2019Universit\u00e9 Alassane Ouattara de Bouak\u00e9 a accueilli la deuxi\u00e8me \u00e9dition du Colloque International de la Chaire Unesco \u00ab Anticipation, Prospective et Territoires Durables \u00bb (Cuaptd) sous le th\u00e8me \u00ab La prospective et le d\u00e9veloppement de l&#8217;Afrique \u00bb.<\/strong><\/em><\/p>\n<p> \u00c0 cette occasion, le Professeur Kouassi Kouam\u00e9 Sylvestre, titulaire de la Chaire Unesco Cuaptd, a rappel\u00e9 l&#8217;importance d&#8217;int\u00e9grer la prospective dans les processus de gouvernance en Afrique. \u00ab La prospective ne pr\u00e9dit pas l&#8217;avenir, mais elle aide \u00e0 r\u00e9duire les incertitudes \u00bb, a-t-il d\u00e9clar\u00e9. Cet \u00e9v\u00e9nement a rassembl\u00e9 200 participants, incluant des experts internationaux, universitaires et d\u00e9cideurs politiques venus de divers pays africains, notamment de la C\u00f4te d&#8217;Ivoire, du Congo, du Cameroun, du B\u00e9nin, du Burkina Faso, du Maroc et du Mali. Le Professeur Kouassi Kouam\u00e9 Sylvestre a ainsi appel\u00e9 les \u00c9tats africains \u00e0 adopter une d\u00e9marche prospective pour anticiper et r\u00e9pondre aux d\u00e9fis sociaux, \u00e9conomiques et environnementaux du continent, et ainsi construire des trajectoires de progr\u00e8s durables.  Kom\u00e9nan L\u00e9on Rivi\u00e8re, repr\u00e9sentant du bureau Unesco en C\u00f4te d\u2019Ivoire a, pour sa part, affirm\u00e9 le soutien de l\u2019Unesco aux initiatives de prospective en Afrique. Il a rappel\u00e9 que l\u2019Afrique reste une priorit\u00e9 strat\u00e9gique pour l\u2019organisation et a insist\u00e9 sur la n\u00e9cessit\u00e9 d&#8217;int\u00e9grer la prospective dans les politiques publiques pour b\u00e2tir un avenir inclusif et durable. Le Professeur Alioune Sall, directeur ex\u00e9cutif de l\u2019Institut des futurs africains, lors de sa conf\u00e9rence inaugurale, a soulign\u00e9 l\u2019importance de d\u00e9velopper une prospective africaine adapt\u00e9e aux r\u00e9alit\u00e9s et aux ambitions du continent.<\/p>\n<p>D&#8217;autres experts, dont le ministre Sidi Tour\u00e9, le Professeur Pokou Koffi, le Professeur Hassy Kablan,  Abou Bamba, et le Dr Diarra Souleymane, ont partag\u00e9 leur expertise sur la mani\u00e8re dont la prospective peut orienter le d\u00e9veloppement africain pour anticiper les transformations \u00e0 venir.<\/p>\n<p><strong>Des recommandations formul\u00e9es <\/strong><\/p>\n<p>Des commissions de travail ont permis aux participants d&#8217;explorer divers axes pour promouvoir la prospective en Afrique : son r\u00f4le dans les \u00c9tats et organisations continentales, son int\u00e9gration dans les territoires infranationaux, ses applications pratiques, et son insertion dans les disciplines acad\u00e9miques. Les travaux ont permis de d\u00e9gager des recommandations concr\u00e8tes adapt\u00e9es aux r\u00e9alit\u00e9s locales.<\/p>\n<p>Les recommandations issues de ce colloque incluent, entre autres, la sensibilisation et la formation des d\u00e9cideurs, la mise en place de programmes de formation pour les responsables publics afin qu\u2019ils ma\u00eetrisent et utilisent la prospective dans les processus d\u00e9cisionnels, l\u2019encouragement de la collaboration intersectorielle en favorisant des partenariats entre les institutions publiques, le secteur priv\u00e9 et la soci\u00e9t\u00e9 civile pour \u00e9laborer des strat\u00e9gies de d\u00e9veloppement fond\u00e9es sur l\u2019anticipation, la cr\u00e9ation de cadres institutionnels pour l\u2019utilisation des outils prospectifs \u00e0 travers la mise en place de structures d\u00e9di\u00e9es \u00e0 l\u2019int\u00e9gration de ces outils dans la gestion des ressources naturelles, des infrastructures, et de l\u2019\u00e9ducation, ainsi que le renforcement de la recherche en prospective par la promotion de partenariats acad\u00e9miques entre institutions africaines et internationales pour soutenir la recherche et l\u2019innovation en prospective.<\/p>\n<p><strong>Beker Yao avec Sercom<\/strong><\/p>\n","protected":false},"excerpt":{"rendered":"<p>Du 22 au 24 octobre 2024, l\u2019Universit\u00e9 Alassane Ouattara de Bouak\u00e9 a accueilli la deuxi\u00e8me \u00e9dition du Colloque International de la Chaire Unesco \u00ab Anticipation, Prospective et Territoires Durables \u00bb (Cuaptd) sous le th\u00e8me \u00ab La prospective et le d\u00e9veloppement de l&#8217;Afrique \u00bb. \u00c0 cette occasion, le Professeur Kouassi Kouam\u00e9 Sylvestre, titulaire de la Chaire [&hellip;]<\/p>\n","protected":false},"author":4,"featured_media":35539,"comment_status":"closed","ping_status":"closed","sticky":false,"template":"","format":"standard","meta":{"_monsterinsights_skip_tracking":false,"_monsterinsights_sitenote_active":false,"_monsterinsights_sitenote_note":"","_monsterinsights_sitenote_category":0,"footnotes":""},"categories":[2,3],"tags":[],"class_list":["post-35538","post","type-post","status-publish","format-standard","has-post-thumbnail","hentry","category-featured","category-societe"],"_links":{"self":[{"href":"https:\/\/www.lintelligentdabidjan.info\/news\/wp-json\/wp\/v2\/posts\/35538","targetHints":{"allow":["GET"]}}],"collection":[{"href":"https:\/\/www.lintelligentdabidjan.info\/news\/wp-json\/wp\/v2\/posts"}],"about":[{"href":"https:\/\/www.lintelligentdabidjan.info\/news\/wp-json\/wp\/v2\/types\/post"}],"author":[{"embeddable":true,"href":"https:\/\/www.lintelligentdabidjan.info\/news\/wp-json\/wp\/v2\/users\/4"}],"replies":[{"embeddable":true,"href":"https:\/\/www.lintelligentdabidjan.info\/news\/wp-json\/wp\/v2\/comments?post=35538"}],"version-history":[{"count":1,"href":"https:\/\/www.lintelligentdabidjan.info\/news\/wp-json\/wp\/v2\/posts\/35538\/revisions"}],"predecessor-version":[{"id":35540,"href":"https:\/\/www.lintelligentdabidjan.info\/news\/wp-json\/wp\/v2\/posts\/35538\/revisions\/35540"}],"wp:featuredmedia":[{"embeddable":true,"href":"https:\/\/www.lintelligentdabidjan.info\/news\/wp-json\/wp\/v2\/media\/35539"}],"wp:attachment":[{"href":"https:\/\/www.lintelligentdabidjan.info\/news\/wp-json\/wp\/v2\/media?parent=35538"}],"wp:term":[{"taxonomy":"category","embeddable":true,"href":"https:\/\/www.lintelligentdabidjan.info\/news\/wp-json\/wp\/v2\/categories?post=35538"},{"taxonomy":"post_tag","embeddable":true,"href":"https:\/\/www.lintelligentdabidjan.info\/news\/wp-json\/wp\/v2\/tags?post=35538"}],"curies":[{"name":"wp","href":"https:\/\/api.w.org\/{rel}","templated":true}]}}