{"id":35541,"date":"2024-10-28T05:56:08","date_gmt":"2024-10-28T04:56:08","guid":{"rendered":"https:\/\/www.lintelligentdabidjan.info\/news\/?p=35541"},"modified":"2024-10-28T05:56:12","modified_gmt":"2024-10-28T04:56:12","slug":"consommer-local-bah-kone-ranie-didice-fait-la-promotion-des-farines-de-fonio-du-mais-du-manioc-et-du-mil","status":"publish","type":"post","link":"https:\/\/www.lintelligentdabidjan.info\/news\/consommer-local-bah-kone-ranie-didice-fait-la-promotion-des-farines-de-fonio-du-mais-du-manioc-et-du-mil\/","title":{"rendered":"Consommer local-   Bah-Kon\u00e9 Ranie-Didice fait la promotion des farines de fonio, du ma\u00efs, du manioc et du mil"},"content":{"rendered":"<p><em><strong>Dr Bah-Kon\u00e9 Ranie-Didice, Secr\u00e9taire ex\u00e9cutive du Conseil national de lutte contre la vie ch\u00e8re (CNLVC), a effectu\u00e9, le vendredi 25 octobre 2024, une visite dans plusieurs grandes et moyennes surfaces de Cocody et Marcory pour \u00e9valuer le d\u00e9roulement de la 5\u1d49 \u00e9dition de la campagne de promotion des produits locaux, en mettant un accent particulier sur les farines locales telles que le fonio, le ma\u00efs, le manioc, le mil, le soja et le sorgho.<\/strong><\/em><\/p>\n<p> Cette  campagne  dite &#8220;mois d&#8217;octobre, mois du consommer local&#8221; est  une initiative de l\u2019Union \u00c9conomique et Mon\u00e9taire Ouest-Africaine (Uemoa) qui met en avant les qualit\u00e9s gustatives et nutritionnelles des farines produites localement, tout en soulignant leur potentiel pour remplacer des produits import\u00e9s souvent plus co\u00fbteux. Chaque ann\u00e9e, le mois d\u2019octobre est d\u00e9di\u00e9 \u00e0 encourager les populations des \u00c9tats-membres, dont la C\u00f4te d&#8217;Ivoire, \u00e0 privil\u00e9gier les produits locaux afin de renforcer leurs \u00e9conomies, r\u00e9duire la d\u00e9pendance aux importations, et promouvoir une consommation responsable.<\/p>\n<p>Ainsi, \u00e0 travers cette campagne et les initiatives comme le Festival des farines locales, le mois du consommer local en C\u00f4te d&#8217;Ivoire devient un pilier non seulement pour promouvoir la consommation de produits locaux, mais aussi pour valoriser les acteurs \u00e9conomiques qui \u0153uvrent \u00e0 la transformation et \u00e0 la diversification de l&#8217;offre locale.<\/p>\n<p><strong>Mamadou Ouattara  avec Sercom<\/strong><\/p>\n","protected":false},"excerpt":{"rendered":"<p>Dr Bah-Kon\u00e9 Ranie-Didice, Secr\u00e9taire ex\u00e9cutive du Conseil national de lutte contre la vie ch\u00e8re (CNLVC), a effectu\u00e9, le vendredi 25 octobre 2024, une visite dans plusieurs grandes et moyennes surfaces de Cocody et Marcory pour \u00e9valuer le d\u00e9roulement de la 5\u1d49 \u00e9dition de la campagne de promotion des produits locaux, en mettant un accent particulier [&hellip;]<\/p>\n","protected":false},"author":4,"featured_media":35542,"comment_status":"closed","ping_status":"closed","sticky":false,"template":"","format":"standard","meta":{"_monsterinsights_skip_tracking":false,"_monsterinsights_sitenote_active":false,"_monsterinsights_sitenote_note":"","_monsterinsights_sitenote_category":0,"footnotes":""},"categories":[2,3],"tags":[4172,4171,4175,4173,4174,1189,4176,1172],"class_list":["post-35541","post","type-post","status-publish","format-standard","has-post-thumbnail","hentry","category-featured","category-societe","tag-bah-kone-ranie-didice","tag-consommer-local","tag-du-mais","tag-farines","tag-fonio","tag-manioc","tag-mil","tag-promotion"],"_links":{"self":[{"href":"https:\/\/www.lintelligentdabidjan.info\/news\/wp-json\/wp\/v2\/posts\/35541","targetHints":{"allow":["GET"]}}],"collection":[{"href":"https:\/\/www.lintelligentdabidjan.info\/news\/wp-json\/wp\/v2\/posts"}],"about":[{"href":"https:\/\/www.lintelligentdabidjan.info\/news\/wp-json\/wp\/v2\/types\/post"}],"author":[{"embeddable":true,"href":"https:\/\/www.lintelligentdabidjan.info\/news\/wp-json\/wp\/v2\/users\/4"}],"replies":[{"embeddable":true,"href":"https:\/\/www.lintelligentdabidjan.info\/news\/wp-json\/wp\/v2\/comments?post=35541"}],"version-history":[{"count":1,"href":"https:\/\/www.lintelligentdabidjan.info\/news\/wp-json\/wp\/v2\/posts\/35541\/revisions"}],"predecessor-version":[{"id":35543,"href":"https:\/\/www.lintelligentdabidjan.info\/news\/wp-json\/wp\/v2\/posts\/35541\/revisions\/35543"}],"wp:featuredmedia":[{"embeddable":true,"href":"https:\/\/www.lintelligentdabidjan.info\/news\/wp-json\/wp\/v2\/media\/35542"}],"wp:attachment":[{"href":"https:\/\/www.lintelligentdabidjan.info\/news\/wp-json\/wp\/v2\/media?parent=35541"}],"wp:term":[{"taxonomy":"category","embeddable":true,"href":"https:\/\/www.lintelligentdabidjan.info\/news\/wp-json\/wp\/v2\/categories?post=35541"},{"taxonomy":"post_tag","embeddable":true,"href":"https:\/\/www.lintelligentdabidjan.info\/news\/wp-json\/wp\/v2\/tags?post=35541"}],"curies":[{"name":"wp","href":"https:\/\/api.w.org\/{rel}","templated":true}]}}