{"id":35544,"date":"2024-10-28T05:58:52","date_gmt":"2024-10-28T04:58:52","guid":{"rendered":"https:\/\/www.lintelligentdabidjan.info\/news\/?p=35544"},"modified":"2024-10-28T05:59:12","modified_gmt":"2024-10-28T04:59:12","slug":"centre-de-reinsertion-de-bouake-44-pensionnaires-recoivent-leurs-attestations-de-fin-de-formation","status":"publish","type":"post","link":"https:\/\/www.lintelligentdabidjan.info\/news\/centre-de-reinsertion-de-bouake-44-pensionnaires-recoivent-leurs-attestations-de-fin-de-formation\/","title":{"rendered":"Centre de r\u00e9insertion de Bouak\u00e9-   44 pensionnaires  re\u00e7oivent leurs attestations de fin de formation"},"content":{"rendered":"<p><em><strong>Le Centre de r\u00e9insertion des mineurs, situ\u00e9 sur l&#8217;axe Bouak\u00e9-M&#8217;Bahiakro, a proc\u00e9d\u00e9, le jeudi 24 octobre 2024, \u00e0 la remise d&#8217;attestations \u00e0 44 de ses pensionnaires en fin de formation. La c\u00e9r\u00e9monie s&#8217;est d\u00e9roul\u00e9e sur le th\u00e8me : \u00ab Formation professionnelle, gage de r\u00e9ussite pour l&#8217;insertion socio-professionnelle des mineurs en contact avec le syst\u00e8me judiciaire \u00bb, un moment marquant la valorisation des comp\u00e9tences acquises par ces jeunes. <\/strong><\/em><\/p>\n<p>Selon le responsable du centre, Konan Bergson Arnaud, ces mineurs ont \u00e9t\u00e9 form\u00e9s pendant 10 mois dans divers m\u00e9tiers, notamment la couture mixte, la coiffure (hommes et dames), le tissage, l&#8217;informatique, la broderie et maroquinerie, l&#8217;agropastoral, ainsi que la p\u00e2tisserie-boulangerie. Tout ceci s&#8217;est fait sous l&#8217;accompagnement bienveillant d&#8217;une \u00e9quipe \u00e9ducative pluridisciplinaire, afin de favoriser l&#8217;insertion r\u00e9ussie des pensionnaires dans la vie active. La formation a \u00e9galement \u00e9t\u00e9 compl\u00e9t\u00e9e par des cours d&#8217;alphab\u00e9tisation.<\/p>\n<p><strong>Message aux pensionnaires<\/strong><\/p>\n<p>Pour la Directrice de la Protection judiciaire de l&#8217;enfance et de la jeunesse, Vonan Bi Thany Esther, cette journ\u00e9e rev\u00eat une grande signification, \u00e9tant non seulement une reconnaissance acad\u00e9mique, mais aussi le symbole d&#8217;un parcours de r\u00e9silience d\u00e9velopp\u00e9 au cours de ces formations. \u00c0 l&#8217;issue de cette c\u00e9r\u00e9monie, elle a adress\u00e9 un message aux pensionnaires r\u00e9cemment dipl\u00f4m\u00e9s :\u00ab Chers jeunes, vous avez travers\u00e9 des \u00e9preuves qui auraient pu vous d\u00e9courager. Vous avez fait face \u00e0 des d\u00e9fis qui pouvaient sembler insurmontables. Mais aujourd&#8217;hui, vous \u00eates l\u00e0, debout, pr\u00eats \u00e0 prendre un nouveau d\u00e9part. Vous avez prouv\u00e9 que votre pass\u00e9 ne d\u00e9finit pas votre avenir. Aujourd&#8217;hui, je vous encourage \u00e0 poursuivre sur cette voie. Ne laissez jamais les difficult\u00e9s vous abattre. Rappelez-vous que chaque \u00e9chec est une le\u00e7on et chaque obstacle, une opportunit\u00e9 de grandir. Soyez fiers de vos r\u00e9alisations et continuez \u00e0 viser l&#8217;excellence. Vous \u00eates l&#8217;avenir de notre soci\u00e9t\u00e9, et je suis convaincue que, par vos talents et votre d\u00e9termination, vous allez l&#8217;enrichir. \u00bb La porte-parole des pensionnaires, Kipr\u00e9 Gossi Ruth, a exprim\u00e9, au nom de ses camarades, sa gratitude aux responsables du centre pour leur encadrement et s&#8217;est engag\u00e9e \u00e0 \u00eatre un exemple dans la soci\u00e9t\u00e9. \u00ab Je voudrais vous dire merci et vous rassurer que d\u00e9sormais, vous serez fiers de nous \u00bb, a-t-elle promis. Lors de cette c\u00e9r\u00e9monie, 44 mineurs, dont 15 filles et 29 gar\u00e7ons, ont re\u00e7u leurs attestations de fin de formation, en se distinguant par leur travail, leur discipline et leur d\u00e9veloppement personnel.<\/p>\n<p><strong>Nambac\u00e9r\u00e9 Jo\u00ebl<\/strong><\/p>\n","protected":false},"excerpt":{"rendered":"<p>Le Centre de r\u00e9insertion des mineurs, situ\u00e9 sur l&#8217;axe Bouak\u00e9-M&#8217;Bahiakro, a proc\u00e9d\u00e9, le jeudi 24 octobre 2024, \u00e0 la remise d&#8217;attestations \u00e0 44 de ses pensionnaires en fin de formation. La c\u00e9r\u00e9monie s&#8217;est d\u00e9roul\u00e9e sur le th\u00e8me : \u00ab Formation professionnelle, gage de r\u00e9ussite pour l&#8217;insertion socio-professionnelle des mineurs en contact avec le syst\u00e8me judiciaire [&hellip;]<\/p>\n","protected":false},"author":4,"featured_media":35545,"comment_status":"closed","ping_status":"closed","sticky":false,"template":"","format":"standard","meta":{"_monsterinsights_skip_tracking":false,"_monsterinsights_sitenote_active":false,"_monsterinsights_sitenote_note":"","_monsterinsights_sitenote_category":0,"footnotes":""},"categories":[2,3],"tags":[3694,125,4177,3695,4136],"class_list":["post-35544","post","type-post","status-publish","format-standard","has-post-thumbnail","hentry","category-featured","category-societe","tag-attestations","tag-bouake","tag-centre-de-reinsertion","tag-fin-de-formation","tag-pensionnaires"],"_links":{"self":[{"href":"https:\/\/www.lintelligentdabidjan.info\/news\/wp-json\/wp\/v2\/posts\/35544","targetHints":{"allow":["GET"]}}],"collection":[{"href":"https:\/\/www.lintelligentdabidjan.info\/news\/wp-json\/wp\/v2\/posts"}],"about":[{"href":"https:\/\/www.lintelligentdabidjan.info\/news\/wp-json\/wp\/v2\/types\/post"}],"author":[{"embeddable":true,"href":"https:\/\/www.lintelligentdabidjan.info\/news\/wp-json\/wp\/v2\/users\/4"}],"replies":[{"embeddable":true,"href":"https:\/\/www.lintelligentdabidjan.info\/news\/wp-json\/wp\/v2\/comments?post=35544"}],"version-history":[{"count":1,"href":"https:\/\/www.lintelligentdabidjan.info\/news\/wp-json\/wp\/v2\/posts\/35544\/revisions"}],"predecessor-version":[{"id":35546,"href":"https:\/\/www.lintelligentdabidjan.info\/news\/wp-json\/wp\/v2\/posts\/35544\/revisions\/35546"}],"wp:featuredmedia":[{"embeddable":true,"href":"https:\/\/www.lintelligentdabidjan.info\/news\/wp-json\/wp\/v2\/media\/35545"}],"wp:attachment":[{"href":"https:\/\/www.lintelligentdabidjan.info\/news\/wp-json\/wp\/v2\/media?parent=35544"}],"wp:term":[{"taxonomy":"category","embeddable":true,"href":"https:\/\/www.lintelligentdabidjan.info\/news\/wp-json\/wp\/v2\/categories?post=35544"},{"taxonomy":"post_tag","embeddable":true,"href":"https:\/\/www.lintelligentdabidjan.info\/news\/wp-json\/wp\/v2\/tags?post=35544"}],"curies":[{"name":"wp","href":"https:\/\/api.w.org\/{rel}","templated":true}]}}